{"id":77738,"date":"2025-11-11T11:15:09","date_gmt":"2025-11-11T11:15:09","guid":{"rendered":"https:\/\/www.europesays.com\/se\/77738\/"},"modified":"2025-11-11T11:15:09","modified_gmt":"2025-11-11T11:15:09","slug":"akademiska-sjukhuset-dementerar-femte-forgiftningsfall","status":"publish","type":"post","link":"https:\/\/www.europesays.com\/se\/77738\/","title":{"rendered":"Akademiska sjukhuset dementerar femte f\u00f6rgiftningsfall"},"content":{"rendered":"<p>En f\u00f6runders\u00f6kning om mordf\u00f6rs\u00f6k startades f\u00f6rra veckan av polisen efter att tre sjuksk\u00f6terskor misst\u00e4nks ha f\u00f6rgiftats p\u00e5 Akademiska barnsjukhuset. Detta efter att personerna hastigt insjuknat under arbetstid.P\u00e5 m\u00e5ndagen bekr\u00e4ftade \u00e5klagaren Emma H\u00e4ggstr\u00f6m att en fj\u00e4rde person ocks\u00e5 misst\u00e4nks ha f\u00f6rgiftats. Nu kan det \u00e4ven handla om en femte person, enligt uppgifter <\/p>\n","protected":false},"excerpt":{"rendered":"En f\u00f6runders\u00f6kning om mordf\u00f6rs\u00f6k startades f\u00f6rra veckan av polisen efter att tre sjuksk\u00f6terskor misst\u00e4nks ha f\u00f6rgiftats p\u00e5 Akademiska&hellip;\n","protected":false},"author":2,"featured_media":77739,"comment_status":"","ping_status":"","sticky":false,"template":"","format":"standard","meta":{"footnotes":""},"categories":[12],"tags":[22,23,26,27,17,21,24,25,28,29,15,16,18,34,31,33,32,30,19,20],"class_list":{"0":"post-77738","1":"post","2":"type-post","3":"status-publish","4":"format-standard","5":"has-post-thumbnail","7":"category-sverige","8":"tag-breaking-news","9":"tag-breakingnews","10":"tag-featured-news","11":"tag-featurednews","12":"tag-headlines","13":"tag-huvudnyheter","14":"tag-latest-news","15":"tag-latestnews","16":"tag-main-news","17":"tag-mainnews","18":"tag-news","19":"tag-nyheter","20":"tag-rubriker","21":"tag-se","22":"tag-svenska","23":"tag-sverige","24":"tag-sweden","25":"tag-swedish","26":"tag-top-stories","27":"tag-topstories"},"share_on_mastodon":{"url":"https:\/\/pubeurope.com\/@se\/115530781313604329","error":""},"_links":{"self":[{"href":"https:\/\/www.europesays.com\/se\/wp-json\/wp\/v2\/posts\/77738","targetHints":{"allow":["GET"]}}],"collection":[{"href":"https:\/\/www.europesays.com\/se\/wp-json\/wp\/v2\/posts"}],"about":[{"href":"https:\/\/www.europesays.com\/se\/wp-json\/wp\/v2\/types\/post"}],"author":[{"embeddable":true,"href":"https:\/\/www.europesays.com\/se\/wp-json\/wp\/v2\/users\/2"}],"replies":[{"embeddable":true,"href":"https:\/\/www.europesays.com\/se\/wp-json\/wp\/v2\/comments?post=77738"}],"version-history":[{"count":0,"href":"https:\/\/www.europesays.com\/se\/wp-json\/wp\/v2\/posts\/77738\/revisions"}],"wp:featuredmedia":[{"embeddable":true,"href":"https:\/\/www.europesays.com\/se\/wp-json\/wp\/v2\/media\/77739"}],"wp:attachment":[{"href":"https:\/\/www.europesays.com\/se\/wp-json\/wp\/v2\/media?parent=77738"}],"wp:term":[{"taxonomy":"category","embeddable":true,"href":"https:\/\/www.europesays.com\/se\/wp-json\/wp\/v2\/categories?post=77738"},{"taxonomy":"post_tag","embeddable":true,"href":"https:\/\/www.europesays.com\/se\/wp-json\/wp\/v2\/tags?post=77738"}],"curies":[{"name":"wp","href":"https:\/\/api.w.org\/{rel}","templated":true}]}}