{"id":77744,"date":"2025-11-11T11:32:08","date_gmt":"2025-11-11T11:32:08","guid":{"rendered":"https:\/\/www.europesays.com\/se\/77744\/"},"modified":"2025-11-11T11:32:08","modified_gmt":"2025-11-11T11:32:08","slug":"smhi-varnar-for-plotslig-ishalka-i-norra-sverige","status":"publish","type":"post","link":"https:\/\/www.europesays.com\/se\/77744\/","title":{"rendered":"SMHI varnar f\u00f6r pl\u00f6tslig ishalka i norra Sverige"},"content":{"rendered":"<p>SMHI har utf\u00e4rdat en varning f\u00f6r pl\u00f6tslig ishalka i V\u00e4sterbottens och Norrbottens l\u00e4n, rapporterar flera medier. Varningen g\u00e4ller fr\u00e5n klockan 21 p\u00e5 tisdag till klockan 10 p\u00e5 onsdag.<\/p>\n<p>Under kv\u00e4llen finns det risk f\u00f6r underkylt regn som kan inneb\u00e4ra problem i trafiken, fr\u00e5n Dorotea i v\u00e4st till S\u00e4var i \u00f6st och l\u00e4ngs med kusten upp till Haparanda.<\/p>\n<p>Omni \u00e4r politiskt obundna och oberoende. Vi str\u00e4var efter att ge fler perspektiv p\u00e5 nyheterna. Har du fr\u00e5gor eller synpunkter kring v\u00e5r rapportering? <a href=\"https:\/\/omni.se\/smhi-varnar-for-plotslig-ishalka-i-norra-sverige\/a\/mailto:redaktion@omni.se\" class=\"ArticleActions_contactLink__W2F1M\" rel=\"nofollow noopener\" target=\"_blank\">Kontakta redaktionen<\/a><\/p>\n","protected":false},"excerpt":{"rendered":"SMHI har utf\u00e4rdat en varning f\u00f6r pl\u00f6tslig ishalka i V\u00e4sterbottens och Norrbottens l\u00e4n, rapporterar flera medier. Varningen g\u00e4ller&hellip;\n","protected":false},"author":2,"featured_media":77745,"comment_status":"","ping_status":"","sticky":false,"template":"","format":"standard","meta":{"footnotes":""},"categories":[5],"tags":[22,23,26,27,17,21,24,25,28,29,15,841,16,18,34,842,31,33,32,30,19,20,366,693,840],"class_list":{"0":"post-77744","1":"post","2":"type-post","3":"status-publish","4":"format-standard","5":"has-post-thumbnail","7":"category-rubriker","8":"tag-breaking-news","9":"tag-breakingnews","10":"tag-featured-news","11":"tag-featurednews","12":"tag-headlines","13":"tag-huvudnyheter","14":"tag-latest-news","15":"tag-latestnews","16":"tag-main-news","17":"tag-mainnews","18":"tag-news","19":"tag-norrbottens-lan","20":"tag-nyheter","21":"tag-rubriker","22":"tag-se","23":"tag-smhi","24":"tag-svenska","25":"tag-sverige","26":"tag-sweden","27":"tag-swedish","28":"tag-top-stories","29":"tag-topstories","30":"tag-trafik","31":"tag-vader","32":"tag-vasterbottens-lan"},"share_on_mastodon":{"url":"https:\/\/pubeurope.com\/@se\/115530848259240875","error":""},"_links":{"self":[{"href":"https:\/\/www.europesays.com\/se\/wp-json\/wp\/v2\/posts\/77744","targetHints":{"allow":["GET"]}}],"collection":[{"href":"https:\/\/www.europesays.com\/se\/wp-json\/wp\/v2\/posts"}],"about":[{"href":"https:\/\/www.europesays.com\/se\/wp-json\/wp\/v2\/types\/post"}],"author":[{"embeddable":true,"href":"https:\/\/www.europesays.com\/se\/wp-json\/wp\/v2\/users\/2"}],"replies":[{"embeddable":true,"href":"https:\/\/www.europesays.com\/se\/wp-json\/wp\/v2\/comments?post=77744"}],"version-history":[{"count":0,"href":"https:\/\/www.europesays.com\/se\/wp-json\/wp\/v2\/posts\/77744\/revisions"}],"wp:featuredmedia":[{"embeddable":true,"href":"https:\/\/www.europesays.com\/se\/wp-json\/wp\/v2\/media\/77745"}],"wp:attachment":[{"href":"https:\/\/www.europesays.com\/se\/wp-json\/wp\/v2\/media?parent=77744"}],"wp:term":[{"taxonomy":"category","embeddable":true,"href":"https:\/\/www.europesays.com\/se\/wp-json\/wp\/v2\/categories?post=77744"},{"taxonomy":"post_tag","embeddable":true,"href":"https:\/\/www.europesays.com\/se\/wp-json\/wp\/v2\/tags?post=77744"}],"curies":[{"name":"wp","href":"https:\/\/api.w.org\/{rel}","templated":true}]}}