{"id":77770,"date":"2025-11-11T12:21:16","date_gmt":"2025-11-11T12:21:16","guid":{"rendered":"https:\/\/www.europesays.com\/se\/77770\/"},"modified":"2025-11-11T12:21:16","modified_gmt":"2025-11-11T12:21:16","slug":"no-excuses-skolor-lar-ut-disciplin-och-det-ar-lysande","status":"publish","type":"post","link":"https:\/\/www.europesays.com\/se\/77770\/","title":{"rendered":"No excuses-skolor l\u00e4r ut disciplin \u2013 och det \u00e4r lysande"},"content":{"rendered":"<p>Ann-Charlotte Marteus<\/p>\n<p>Publicerad 11 nov 2025 kl 06.10Uppdaterad kl 10.29<\/p>\n<p>Svenska politiker l\u00e5ter som gymcoacher n\u00e4r de pratar om \u201dNo Excuses-skolor\u201d. Men bakom det t\u00f6ntiga namnet d\u00f6ljer sig n\u00e5got helt rimligt.<\/p>\n<p><img   alt=\"\"\/><\/p>\n<p>Man blir inte n\u00f6dv\u00e4ndigtvis fascist av att kunna multiplikationstabeller.<\/p>\n<p>Foto: JESSICA GOW \/ TT NYHETSBYR\u00c5N<\/p>\n<p>\u00d6ppna bild i helsk\u00e4rm<img loading=\"lazy\"   alt=\"\"\/><\/p>\n<p>En produkt av kunskapsskolan? Faktiskt inte.<\/p>\n<p>Foto: YING TANG\/NURPHOTO\/SHUTTERSTOCK \/ SHUTTERSTOCK EDITORIAL\/IBL<\/p>\n<p>\u00d6ppna bild i helsk\u00e4rm<\/p>\n<p>Detta \u00e4r en kr\u00f6nika fr\u00e5n Expressens ledarredaktion. Expressens politiska h\u00e5llning \u00e4r liberal.<\/p>\n<p><img   alt=\"\"\/>Ann-Charlotte Marteus<\/p>\n<p>Jag hade inte riktigt f\u00f6ljt debatten om att inf\u00f6ra No Excuses-skolor i svenska utanf\u00f6rskapsomr\u00e5den utan n\u00f6jt mig med att vara skeptisk p\u00e5 distans. Kanske f\u00f6r att det l\u00e5ter s\u00e5 gimmick-artat och n\u00f6digt n\u00e4r svenska politiker s\u00e4ger \u201dNo Excuses\u201d i st\u00e4llet f\u00f6r att \u00f6vers\u00e4tta konceptet till svenska.\u00a0<\/p>\n<p>Att inspirationen kommer fr\u00e5n Storbritannien \u2013 pennalismens h\u00f6gs\u00e4te \u2013 k\u00e4nns ocks\u00e5 lite skakigt. Ska eleverna i Rinkeby och Hammarkullen rappas med Eton-linjaler?<\/p>\n<p><strong>Men s\u00e5 l\u00e4ste jag en artikel i <\/strong><a href=\"https:\/\/www.vilarare.se\/nyheter\/pa-djupet\/no-excuses-raddning-eller-skola-for-zombier\/\" rel=\"nofollow noopener\" target=\"_blank\">Vi L\u00e4rare<\/a>.\u00a0<\/p>\n<p>\u201dUndervisningen \u00e4r l\u00e4rarledd\u201d, ber\u00e4ttades det. \u201dEleverna f\u00f6rv\u00e4ntas sitta v\u00e4nda mot l\u00e4raren och anteckna. Tempot \u00e4r h\u00f6gt och kontrollfr\u00e5gorna rikliga. Detta f\u00f6r att alla ska vara alerta, fokuserade, koncentrerade och inte dr\u00f6mma sig bort, men ocks\u00e5 f\u00f6r att l\u00e4raren snabbt ska kunna f\u00e5nga upp den som inte h\u00e4ngt med. Provtillf\u00e4llena \u00e4r frekventa.\u201d<\/p>\n<p>Men oj \u2013 jag gick ju i en s\u00e5n skola. Fast den hette varken No excuses eller Inga urs\u00e4kter, den hette \u201dskolan\u201d, ett kommunalt plugg mitt i Stockholm p\u00e5 70-talet. Flumskolan hade inte hunnit s\u00e4tta sig \u00e4n, v\u00e5ra l\u00e4rare var gamla i gemet och naturligt auktorit\u00e4ra.\u00a0<\/p>\n<p><strong>De enda lektionerna som var r\u00f6riga ibland leddes av en nykl\u00e4ckt l\u00e4rare som ville vara v\u00e5r kompis. \u00a0<\/strong><\/p>\n<p>Vid sidan av Adolf Fredrik hade skolan h\u00f6gst betygsnitt i Stockholm.<\/p>\n<p>Liberalerna och <a href=\"https:\/\/www.expressen.se\/tagg\/organization\/moderaterna\/\" class=\"\" rel=\"nofollow noopener\" target=\"_blank\">Moderaterna<\/a> vill allts\u00e5 inf\u00f6ra Inga urs\u00e4kter-modellen i socio-ekonomiskt svaga omr\u00e5den d\u00e4r studieresultaten \u00e4r \u00e5t skogen. Med h\u00f6ga f\u00f6rv\u00e4ntningar, strikta regler, fokus p\u00e5 kunskaper och inget eftergivligt trams hoppas man kunna ge eleverna en gedigen utbildning och d\u00e4rmed framtid.\u00a0<\/p>\n<p>Fr\u00e5n USA:s Inga urs\u00e4kter-skolor g\u00e5r en st\u00f6rre andel elever vidare till h\u00f6gre studier \u00e4n fr\u00e5n andra skolor i utsatta omr\u00e5den, ber\u00e4ttar Vi l\u00e4rare.\u00a0<\/p>\n<p>Det l\u00e5ter ju j\u00e4ttebra!\u00a0<\/p>\n<p><strong>Det finns f\u00f6rst\u00e5s kritiker. En av dem intervjuas i artikeln. Hennes inv\u00e4ndningar g\u00f6r mig \u00e4n mer entusiastisk.\u00a0<\/strong><\/p>\n<blockquote><p>Vi blev goda demokrater trots att vi drillades i grammatik, \u00e5rtal och multiplikationstabeller.<\/p><\/blockquote>\n<p>Maria Wiman, l\u00e4rare och kr\u00f6nik\u00f6r i Vi l\u00e4rare, s\u00e4ger att hon \u00e4r \u201dn\u00e4rmast f\u00f6rstummad av id\u00e9n\u201d att inf\u00f6ra en skola som \u201dfostrar zombier\u201d:<\/p>\n<p>\u2013 Visst, det finns forskning som visar att h\u00e5rd disciplin har effekt i matematik och i spr\u00e5k, resultatm\u00e4ssigt. Det m\u00e4tbara \u00e4r viktigt f\u00f6r \u201dNo excuses\u201d, men det finns ingen forskning alls p\u00e5 hur eleverna m\u00e5r, hur det p\u00e5verkar deras liv, s\u00e4ger hon.<\/p>\n<p>Kunskaper och f\u00e4rdigheter \u00e4r allts\u00e5 lite skumt. Det viktiga \u00e4r hur barnen m\u00e5r \u2013 och s\u00e5 ska de fostras till \u201dgoda demokratiska samh\u00e4llsmedborgare\u201d.\u00a0<\/p>\n<p>Annons<\/p>\n<p>Detta \u00e4r svenskt skolflum i sin prydno. Generationer av svenskar har g\u00e5tt i j\u00e4mf\u00f6relsevis strikta kunskapsskolor utan att landet dr\u00e5sade ner i fascism. De \u2013 vi \u2013 blev goda demokrater trots att vi drillades i grammatik, \u00e5rtal och multiplikationstabeller.<\/p>\n<p><strong>Id\u00e9n att elever antingen tr\u00e4nas i f\u00e4rdigheter och kunskaper <\/strong><strong>eller <\/strong><strong>fostras till h\u00e4rliga, kreativa tjommar utan m\u00e4tbara kunskaper \u00e4r nonsens. Det \u00e4r snarare b\u00e5de-och \u00e4n antingen-eller.<\/strong><\/p>\n<p>Sj\u00e4lvdisciplin \u00e4r en enormt viktig egenskap. Jag kan lova att alla samh\u00e4llsdebatt\u00f6rer som \u00e4r emot disciplin i skolan sj\u00e4lva \u00e4r disciplinerade. Annars skulle de inte vara kunniga och bra p\u00e5 att argumentera.<\/p>\n<p>Varf\u00f6r d\u00e5 mots\u00e4tta sig att barn som kommer fr\u00e5n hem utan studietradition l\u00e4r sig den pli och m\u00e5lmedvetenhet som akademikerbarn i h\u00f6g grad f\u00e5r med sig med br\u00f6stmj\u00f6lken? Det \u00e4r varken logiskt eller kl\u00e4dsamt.\u00a0<\/p>\n<p><strong>Det allra b\u00e4sta vore om hela det svenska skolv\u00e4sendet r\u00f6rde sig i riktning mot den gamla kunskapsskolan.<\/strong><\/p>\n<p>Ann-Charlotte Marteus \u00e4r ledarskribent p\u00e5 Expressen. L\u00e4s mer av henne <a href=\"https:\/\/www.expressen.se\/ledare\/ann-charlotte-marteus\/\" rel=\"nofollow noopener\" target=\"_blank\">h\u00e4r<\/a>.<\/p>\n<p><strong>L\u00c4S MER: <\/strong><a href=\"https:\/\/www.expressen.se\/ledare\/ann-charlotte-marteus\/maste-man-vara-sjalvplagare-for-att-funka-som-larare\/\" class=\"\" rel=\"nofollow noopener\" target=\"_blank\">M\u00e5ste man vara sj\u00e4lvpl\u00e5gare f\u00f6r att funka som l\u00e4rare?<\/a><strong>L\u00c4S MER: <\/strong><a href=\"https:\/\/www.expressen.se\/ledare\/ann-charlotte-marteus\/slarviga-politiker-sabbade-skolan\/\" class=\"\" rel=\"nofollow noopener\" target=\"_blank\">Slarviga politiker sabbade skolan<\/a><a href=\"https:\/\/www.expressen.se\/nyhetsbrev\/\" title=\"Anm\u00e4l dig till ledarbrevet\" rel=\"nofollow noopener\" target=\"_blank\"><br \/>\n  <img decoding=\"async\" style=\"max-width:100%;display:block;\" src=\"https:\/\/www.europesays.com\/se\/wp-content\/uploads\/2025\/08\/640@60.jpg\"\/><br \/>\n<\/a><\/p>\n","protected":false},"excerpt":{"rendered":"Ann-Charlotte Marteus Publicerad 11 nov 2025 kl 06.10Uppdaterad kl 10.29 Svenska politiker l\u00e5ter som gymcoacher n\u00e4r de pratar&hellip;\n","protected":false},"author":2,"featured_media":77771,"comment_status":"","ping_status":"","sticky":false,"template":"","format":"standard","meta":{"footnotes":""},"categories":[12],"tags":[22,23,26,27,17,21,24,25,199,28,29,15,16,618,42,18,34,2723,31,33,32,30,19,652,20],"class_list":{"0":"post-77770","1":"post","2":"type-post","3":"status-publish","4":"format-standard","5":"has-post-thumbnail","7":"category-sverige","8":"tag-breaking-news","9":"tag-breakingnews","10":"tag-featured-news","11":"tag-featurednews","12":"tag-headlines","13":"tag-huvudnyheter","14":"tag-latest-news","15":"tag-latestnews","16":"tag-location-storbritannien","17":"tag-main-news","18":"tag-mainnews","19":"tag-news","20":"tag-nyheter","21":"tag-organization-liberalerna","22":"tag-organization-moderaterna","23":"tag-rubriker","24":"tag-se","25":"tag-sections-anncharlottemarteus","26":"tag-svenska","27":"tag-sverige","28":"tag-sweden","29":"tag-swedish","30":"tag-top-stories","31":"tag-topic-skola-utbildning","32":"tag-topstories"},"share_on_mastodon":{"url":"https:\/\/pubeurope.com\/@se\/115531041152615084","error":""},"_links":{"self":[{"href":"https:\/\/www.europesays.com\/se\/wp-json\/wp\/v2\/posts\/77770","targetHints":{"allow":["GET"]}}],"collection":[{"href":"https:\/\/www.europesays.com\/se\/wp-json\/wp\/v2\/posts"}],"about":[{"href":"https:\/\/www.europesays.com\/se\/wp-json\/wp\/v2\/types\/post"}],"author":[{"embeddable":true,"href":"https:\/\/www.europesays.com\/se\/wp-json\/wp\/v2\/users\/2"}],"replies":[{"embeddable":true,"href":"https:\/\/www.europesays.com\/se\/wp-json\/wp\/v2\/comments?post=77770"}],"version-history":[{"count":0,"href":"https:\/\/www.europesays.com\/se\/wp-json\/wp\/v2\/posts\/77770\/revisions"}],"wp:featuredmedia":[{"embeddable":true,"href":"https:\/\/www.europesays.com\/se\/wp-json\/wp\/v2\/media\/77771"}],"wp:attachment":[{"href":"https:\/\/www.europesays.com\/se\/wp-json\/wp\/v2\/media?parent=77770"}],"wp:term":[{"taxonomy":"category","embeddable":true,"href":"https:\/\/www.europesays.com\/se\/wp-json\/wp\/v2\/categories?post=77770"},{"taxonomy":"post_tag","embeddable":true,"href":"https:\/\/www.europesays.com\/se\/wp-json\/wp\/v2\/tags?post=77770"}],"curies":[{"name":"wp","href":"https:\/\/api.w.org\/{rel}","templated":true}]}}