{"id":77793,"date":"2025-11-11T12:39:08","date_gmt":"2025-11-11T12:39:08","guid":{"rendered":"https:\/\/www.europesays.com\/se\/77793\/"},"modified":"2025-11-11T12:39:08","modified_gmt":"2025-11-11T12:39:08","slug":"kraftig-okning-av-typ-1-diabetes-bland-sma-barn","status":"publish","type":"post","link":"https:\/\/www.europesays.com\/se\/77793\/","title":{"rendered":"Kraftig \u00f6kning av typ 1-diabetes bland sm\u00e5 barn"},"content":{"rendered":"<p>Antalet barn som diagnostiseras med typ 1-diabetes har \u00f6kat med 25 procent p\u00e5 15 \u00e5r, rapporterar SVT Nyheter. Bland pojkar mellan noll och fyra \u00e5r \u00e4r \u00f6kningen 80 procent.<\/p>\n<p>Sjukdomen beror p\u00e5 att bukspottk\u00f6rteln slutar producera insulin. Varf\u00f6r antalet diagnoser har \u00f6kat \u00e4r inte klarlagt, s\u00e4ger Petter Brodin, professor i immunologi. <\/p>\n<p>\u2013 Det handlar sannolikt om f\u00f6r\u00e4ndringar i milj\u00f6 och levnadsvillkor.<\/p>\n<p>Vanliga symtom p\u00e5 diabetes \u00e4r \u00f6kad t\u00f6rst och urinproduktion. Hos sm\u00e5 barn uppt\u00e4cks det ofta p\u00e5 att bl\u00f6jorna \u00e4r extra tunga eller att barnet b\u00f6rjar kissa p\u00e5 sig igen p\u00e5 natten.<\/p>\n<p>Omni \u00e4r politiskt obundna och oberoende. Vi str\u00e4var efter att ge fler perspektiv p\u00e5 nyheterna. Har du fr\u00e5gor eller synpunkter kring v\u00e5r rapportering? <a href=\"https:\/\/omni.se\/kraftig-okning-av-typ-1-diabetes-bland-sma-barn\/a\/mailto:redaktion@omni.se\" class=\"ArticleActions_contactLink__W2F1M\" rel=\"nofollow noopener\" target=\"_blank\">Kontakta redaktionen<\/a><\/p>\n","protected":false},"excerpt":{"rendered":"Antalet barn som diagnostiseras med typ 1-diabetes har \u00f6kat med 25 procent p\u00e5 15 \u00e5r, rapporterar SVT Nyheter.&hellip;\n","protected":false},"author":2,"featured_media":77794,"comment_status":"","ping_status":"","sticky":false,"template":"","format":"standard","meta":{"footnotes":""},"categories":[69],"tags":[223,113,112,2742,34,31,33,32,30],"class_list":{"0":"post-77793","1":"post","2":"type-post","3":"status-publish","4":"format-standard","5":"has-post-thumbnail","7":"category-halsa","8":"tag-barn-unga","9":"tag-halsa","10":"tag-health","11":"tag-medicin","12":"tag-se","13":"tag-svenska","14":"tag-sverige","15":"tag-sweden","16":"tag-swedish"},"share_on_mastodon":{"url":"https:\/\/pubeurope.com\/@se\/115531111808959752","error":""},"_links":{"self":[{"href":"https:\/\/www.europesays.com\/se\/wp-json\/wp\/v2\/posts\/77793","targetHints":{"allow":["GET"]}}],"collection":[{"href":"https:\/\/www.europesays.com\/se\/wp-json\/wp\/v2\/posts"}],"about":[{"href":"https:\/\/www.europesays.com\/se\/wp-json\/wp\/v2\/types\/post"}],"author":[{"embeddable":true,"href":"https:\/\/www.europesays.com\/se\/wp-json\/wp\/v2\/users\/2"}],"replies":[{"embeddable":true,"href":"https:\/\/www.europesays.com\/se\/wp-json\/wp\/v2\/comments?post=77793"}],"version-history":[{"count":0,"href":"https:\/\/www.europesays.com\/se\/wp-json\/wp\/v2\/posts\/77793\/revisions"}],"wp:featuredmedia":[{"embeddable":true,"href":"https:\/\/www.europesays.com\/se\/wp-json\/wp\/v2\/media\/77794"}],"wp:attachment":[{"href":"https:\/\/www.europesays.com\/se\/wp-json\/wp\/v2\/media?parent=77793"}],"wp:term":[{"taxonomy":"category","embeddable":true,"href":"https:\/\/www.europesays.com\/se\/wp-json\/wp\/v2\/categories?post=77793"},{"taxonomy":"post_tag","embeddable":true,"href":"https:\/\/www.europesays.com\/se\/wp-json\/wp\/v2\/tags?post=77793"}],"curies":[{"name":"wp","href":"https:\/\/api.w.org\/{rel}","templated":true}]}}