{"id":77805,"date":"2025-11-11T12:45:22","date_gmt":"2025-11-11T12:45:22","guid":{"rendered":"https:\/\/www.europesays.com\/se\/77805\/"},"modified":"2025-11-11T12:45:22","modified_gmt":"2025-11-11T12:45:22","slug":"explosion-vid-radhus-i-upplands-vasby","status":"publish","type":"post","link":"https:\/\/www.europesays.com\/se\/77805\/","title":{"rendered":"Explosion vid radhus i Upplands V\u00e4sby"},"content":{"rendered":"<p>Publicerad 11 nov 2025 kl 01.15Uppdaterad kl 07.29<\/p>\n<p>En explosion har intr\u00e4ffat vid ett radhus i Upplands V\u00e4sby.<\/p>\n<p>B\u00e5de vuxna och barn befann sig i bostaden.<\/p>\n<p>\u2013 Ingen av dem skadades, s\u00e4ger Daniel Wikdahl, polisens presstalesperson.<\/p>\n<p><img   alt=\"\"\/><\/p>\n<p>En explosion intr\u00e4ffade vid en bostad i Upplands V\u00e4sby.<\/p>\n<p>Foto: Janne \u00c5kesson\/Swepix<\/p>\n<p>\u00d6ppna bild i helsk\u00e4rm<img loading=\"lazy\"   alt=\"\"\/><\/p>\n<p>Polis p\u00e5 plats med bombrobot.<\/p>\n<p>Foto: Janne \u00c5kesson \/ Swepix<\/p>\n<p>\u00d6ppna bild i helsk\u00e4rm<\/p>\n<p>Larmet fr\u00e5n omr\u00e5det Sanda i <a href=\"https:\/\/www.expressen.se\/tagg\/location\/upplands-vasby\/\" class=\"\" rel=\"nofollow noopener\" target=\"_blank\">Upplands V\u00e4sby<\/a> kom strax efter midnatt efter att n\u00e5got hade detonerat i anslutning till en bostad i ett radhusomr\u00e5de.\u00a0<\/p>\n<p>\u2013 Det \u00e4r n\u00e5gon form av explosion utomhus. Det \u00e4r skador p\u00e5 fasaden men ingen risk f\u00f6r ras, sa Tommy W\u00e5llberg, ledningsbef\u00e4l p\u00e5 r\u00e4ddningstj\u00e4nsten, strax efter att r\u00e4ddningstj\u00e4nst kommit till platsen.\u00a0<\/p>\n<p>B\u00e5de vuxna och barn befann sig i bostaden, men ingen person ska ha skadats.<\/p>\n<p>\u2013 Det \u00e4r bara materiella skador, s\u00e4ger Daniel Wikdahl, polisens presstalesperson.<\/p>\n<p>Under natten var ett stort omr\u00e5de avsp\u00e4rrat och nationella bombskyddet var p\u00e5 plats. Man har hittat sp\u00e5r efter ett misst\u00e4nkt f\u00f6rem\u00e5l som nu ska unders\u00f6kas.\u00a0<\/p>\n<p>\u2013 Det har gjort flera tekniska fynd som nu ska analyseras f\u00f6r att se vad det \u00e4r som g\u00e4rningsmannen anv\u00e4nt sig av, s\u00e4ger Ola \u00d6sterling vid polisen i Stockholm.\u00a0<\/p>\n<p>\u201dIntensiv informationsinh\u00e4mtning\u201d<\/p>\n<p>En f\u00f6runders\u00f6kning om grov allm\u00e4nfarlig \u00f6del\u00e4ggelse och brott mot lagen om brandfarliga och explosiva varor har inletts.<\/p>\n<p>\u2013 Varf\u00f6r just den h\u00e4r adressen utsatts vet vi inte, det f\u00e5r utredningen visa. Men vi har en del teorier, s\u00e4ger Daniel Wikdahl.<\/p>\n<p>Under tidiga tisdagsmorgonen har avsp\u00e4rrningarna plockats bort och den yttre insatsen har b\u00f6rjat l\u00e4mna \u00f6ver till en inre, utredningsinsats.\u00a0<\/p>\n<p>\u2013 Det har h\u00e5llits v\u00e4ldigt m\u00e5nga f\u00f6rh\u00f6r och under natten har det p\u00e5g\u00e5tt ett intensiv informationsinh\u00e4mtning, s\u00e4ger Ola \u00d6sterling.\u00a0<\/p>\n<p>Ingen person \u00e4r gripen.\u00a0<\/p>\n<p><img alt=\"\"\/>Ljudklippet gick inte att spela upp<\/p>\n<p>F\u00f6rs\u00f6k igen senare<\/p>\n","protected":false},"excerpt":{"rendered":"Publicerad 11 nov 2025 kl 01.15Uppdaterad kl 07.29 En explosion har intr\u00e4ffat vid ett radhus i Upplands V\u00e4sby.&hellip;\n","protected":false},"author":2,"featured_media":77806,"comment_status":"","ping_status":"","sticky":false,"template":"","format":"standard","meta":{"footnotes":""},"categories":[12],"tags":[22,23,26,27,17,21,24,25,6864,28,29,15,16,18,34,154,31,33,32,30,19,1619,710,20],"class_list":{"0":"post-77805","1":"post","2":"type-post","3":"status-publish","4":"format-standard","5":"has-post-thumbnail","7":"category-sverige","8":"tag-breaking-news","9":"tag-breakingnews","10":"tag-featured-news","11":"tag-featurednews","12":"tag-headlines","13":"tag-huvudnyheter","14":"tag-latest-news","15":"tag-latestnews","16":"tag-location-upplands-vasby","17":"tag-main-news","18":"tag-mainnews","19":"tag-news","20":"tag-nyheter","21":"tag-rubriker","22":"tag-se","23":"tag-sections-sverige","24":"tag-svenska","25":"tag-sverige","26":"tag-sweden","27":"tag-swedish","28":"tag-top-stories","29":"tag-topic-brand-explosion","30":"tag-topic-raddningstjanst-raddningsinsats","31":"tag-topstories"},"share_on_mastodon":{"url":"https:\/\/pubeurope.com\/@se\/115531135335538283","error":""},"_links":{"self":[{"href":"https:\/\/www.europesays.com\/se\/wp-json\/wp\/v2\/posts\/77805","targetHints":{"allow":["GET"]}}],"collection":[{"href":"https:\/\/www.europesays.com\/se\/wp-json\/wp\/v2\/posts"}],"about":[{"href":"https:\/\/www.europesays.com\/se\/wp-json\/wp\/v2\/types\/post"}],"author":[{"embeddable":true,"href":"https:\/\/www.europesays.com\/se\/wp-json\/wp\/v2\/users\/2"}],"replies":[{"embeddable":true,"href":"https:\/\/www.europesays.com\/se\/wp-json\/wp\/v2\/comments?post=77805"}],"version-history":[{"count":0,"href":"https:\/\/www.europesays.com\/se\/wp-json\/wp\/v2\/posts\/77805\/revisions"}],"wp:featuredmedia":[{"embeddable":true,"href":"https:\/\/www.europesays.com\/se\/wp-json\/wp\/v2\/media\/77806"}],"wp:attachment":[{"href":"https:\/\/www.europesays.com\/se\/wp-json\/wp\/v2\/media?parent=77805"}],"wp:term":[{"taxonomy":"category","embeddable":true,"href":"https:\/\/www.europesays.com\/se\/wp-json\/wp\/v2\/categories?post=77805"},{"taxonomy":"post_tag","embeddable":true,"href":"https:\/\/www.europesays.com\/se\/wp-json\/wp\/v2\/tags?post=77805"}],"curies":[{"name":"wp","href":"https:\/\/api.w.org\/{rel}","templated":true}]}}