{"id":77846,"date":"2025-11-11T13:35:09","date_gmt":"2025-11-11T13:35:09","guid":{"rendered":"https:\/\/www.europesays.com\/se\/77846\/"},"modified":"2025-11-11T13:35:09","modified_gmt":"2025-11-11T13:35:09","slug":"trump-tog-emot-ahmed-al-sharaa-hyllar-tidigare-terroristledaren","status":"publish","type":"post","link":"https:\/\/www.europesays.com\/se\/77846\/","title":{"rendered":"Trump tog emot Ahmed al-Sharaa \u2013 hyllar tidigare terroristledaren"},"content":{"rendered":"<p>Publicerad 11 nov 2025 kl 11.50Uppdaterad kl 12.06<\/p>\n<p>Fr\u00e5n efterlyst terroristledare till handskakning i Vita huset.<\/p>\n<p>Donald Trump hyllar Syriens president Ahmed al-Sharaa efter m\u00f6tet.<\/p>\n<p>\u2013 Han \u00e4r en v\u00e4ldigt stark ledare. Han kommer fr\u00e5n ett v\u00e4ldigt tufft st\u00e4lle och han \u00e4r en tuff kille, s\u00e4ger Donald Trump.<\/p>\n<p>S\u00f6derfjell om Trumps tullutdelning: \u201dInte vettigt rent ekonomiskt\u201d<img loading=\"lazy\"   alt=\"\"\/><\/p>\n<p>Donald Trump skakar hand med Syriens president Ahmed al-Sharaa.<\/p>\n<p>Foto: BALKIS PRESS \/ STELLA PICTURES<\/p>\n<p>\u00d6ppna bild i helsk\u00e4rm<img loading=\"lazy\"   alt=\"\"\/><\/p>\n<p>Ahmed al-Sharaa var fram till f\u00f6rra veckan klassad som terrorist.<\/p>\n<p>Foto: US State department<\/p>\n<p>\u00d6ppna bild i helsk\u00e4rm<\/p>\n<p>Ahmed al-Sharaas bes\u00f6k i Vita huset p\u00e5 m\u00e5ndagen var det f\u00f6rsta f\u00f6r en syrisk ledare n\u00e5gonsin. S\u00e5 sent som i torsdags <a href=\"https:\/\/www.expressen.se\/nyheter\/varlden\/kritken-mot-syriens-president-al-sharaa-efter-inbjudan-till-vita-huset-\" rel=\"nofollow noopener\" target=\"_blank\">str\u00f6ks han fr\u00e5n en av USA:s terrorlistor<\/a> och i december f\u00f6rra \u00e5ret togs priset p\u00e5 drygt 100 miljoner kronor p\u00e5 hans huvud bort.<\/p>\n<p>Donald Trump sa efter m\u00f6tet att han uppskattar Syriens nya ledare.<\/p>\n<p>\u2013 Vi kommer att g\u00f6ra allt vi kan f\u00f6r att g\u00f6ra Syrien framg\u00e5ngsrikt, f\u00f6r det \u00e4r en del av Mellan\u00f6stern. Vi har fred i Mellan\u00f6stern nu, s\u00e4ger Donald Trump, enligt <a href=\"https:\/\/nypost.com\/2025\/11\/10\/us-news\/ex-al-qaeda-syria-leader-meets-trump-at-white-house-after-pledge-to-be-great-ally-to-the-united-states\/\" rel=\"nofollow noopener\" target=\"_blank\">New York Post<\/a>.<\/p>\n<p>Trump: \u201dVi har alla ett tufft f\u00f6rflutet\u201d<\/p>\n<p>Ang\u00e5ende al-Sharaas bakgrund erk\u00e4nde Trump att den \u00e4r \u201dtuff\u201d.<\/p>\n<p>\u2013 Vi har alla ett tufft f\u00f6rflutet. Jag tror \u00e4rligt talat att om man inte har en tuff bakgrund skulle man inte ha en chans, s\u00e4ger Trump.<\/p>\n<p>Som ledare f\u00f6r islamistmilisen Hayat Tahrir al-Sham tog Ahmed al-Sharaa f\u00f6rra \u00e5ret \u00f6ver styret i Syrien och avsatte diktatorn Bashar al-Assad. Han var l\u00e4nge medlem i terrorklassade al-Qaida och blev senare ledare f\u00f6r systerorganisationen Nusrafronten.<\/p>\n<p>Pausar sanktioner<\/p>\n<p>P\u00e5 bilder fr\u00e5n Vita huset syns den syriska presidenten nu sitta bredvid vicepresident JD Vance, som tj\u00e4nstgjorde i Irak samtidigt som al-Sharaa placerade ut bilbomber i landet.<\/p>\n<p>\u2013 Det h\u00e4r \u00e4r en fr\u00e5ga som h\u00f6r till det f\u00f6rflutna. Vi diskuterade inte det aktivt. Vi pratade om nutid och framtid, s\u00e4ger al-Sharaa, till <a href=\"https:\/\/www.foxnews.com\/video\/6384925030112\" rel=\"nofollow noopener\" target=\"_blank\">Fox News<\/a>.<\/p>\n<p>Efter m\u00f6tet pausade Trump <a href=\"https:\/\/www.expressen.se\/tagg\/location\/usa\/\" class=\"\" rel=\"nofollow noopener\" target=\"_blank\">USA<\/a>:s omfattande sanktioner mot Syrien. al-Sharaa gick ocks\u00e5 med p\u00e5 att trappa upp kampen mot terrorgruppen IS.<\/p>\n<p>al-Sharaa har f\u00f6rs\u00f6kt framst\u00e4lla sig som en enande kraft bland Syriens religi\u00f6sa minoriteter, men s\u00e5 sent som i somras utbr\u00f6t <a href=\"https:\/\/www.expressen.se\/nyheter\/sverige\/syrien-regeringsstyrkor-pa-vag-till-sweida\" rel=\"nofollow noopener\" target=\"_blank\">d\u00f6dligt v\u00e5ld i staden Sweida<\/a>.<\/p>\n","protected":false},"excerpt":{"rendered":"Publicerad 11 nov 2025 kl 11.50Uppdaterad kl 12.06 Fr\u00e5n efterlyst terroristledare till handskakning i Vita huset. Donald Trump&hellip;\n","protected":false},"author":2,"featured_media":77847,"comment_status":"","ping_status":"","sticky":false,"template":"","format":"standard","meta":{"footnotes":""},"categories":[5],"tags":[22,23,26,27,17,21,24,25,3234,45,28,29,15,16,6867,198,18,34,55,31,33,32,30,19,60,20],"class_list":{"0":"post-77846","1":"post","2":"type-post","3":"status-publish","4":"format-standard","5":"has-post-thumbnail","7":"category-rubriker","8":"tag-breaking-news","9":"tag-breakingnews","10":"tag-featured-news","11":"tag-featurednews","12":"tag-headlines","13":"tag-huvudnyheter","14":"tag-latest-news","15":"tag-latestnews","16":"tag-location-syrien","17":"tag-location-usa","18":"tag-main-news","19":"tag-mainnews","20":"tag-news","21":"tag-nyheter","22":"tag-organization-al-qaida","23":"tag-person-donald-trump","24":"tag-rubriker","25":"tag-se","26":"tag-sections-varlden","27":"tag-svenska","28":"tag-sverige","29":"tag-sweden","30":"tag-swedish","31":"tag-top-stories","32":"tag-topic-krig-konflikt","33":"tag-topstories"},"share_on_mastodon":{"url":"https:\/\/pubeurope.com\/@se\/115531332023805069","error":""},"_links":{"self":[{"href":"https:\/\/www.europesays.com\/se\/wp-json\/wp\/v2\/posts\/77846","targetHints":{"allow":["GET"]}}],"collection":[{"href":"https:\/\/www.europesays.com\/se\/wp-json\/wp\/v2\/posts"}],"about":[{"href":"https:\/\/www.europesays.com\/se\/wp-json\/wp\/v2\/types\/post"}],"author":[{"embeddable":true,"href":"https:\/\/www.europesays.com\/se\/wp-json\/wp\/v2\/users\/2"}],"replies":[{"embeddable":true,"href":"https:\/\/www.europesays.com\/se\/wp-json\/wp\/v2\/comments?post=77846"}],"version-history":[{"count":0,"href":"https:\/\/www.europesays.com\/se\/wp-json\/wp\/v2\/posts\/77846\/revisions"}],"wp:featuredmedia":[{"embeddable":true,"href":"https:\/\/www.europesays.com\/se\/wp-json\/wp\/v2\/media\/77847"}],"wp:attachment":[{"href":"https:\/\/www.europesays.com\/se\/wp-json\/wp\/v2\/media?parent=77846"}],"wp:term":[{"taxonomy":"category","embeddable":true,"href":"https:\/\/www.europesays.com\/se\/wp-json\/wp\/v2\/categories?post=77846"},{"taxonomy":"post_tag","embeddable":true,"href":"https:\/\/www.europesays.com\/se\/wp-json\/wp\/v2\/tags?post=77846"}],"curies":[{"name":"wp","href":"https:\/\/api.w.org\/{rel}","templated":true}]}}