{"id":77963,"date":"2025-11-11T15:47:10","date_gmt":"2025-11-11T15:47:10","guid":{"rendered":"https:\/\/www.europesays.com\/se\/77963\/"},"modified":"2025-11-11T15:47:10","modified_gmt":"2025-11-11T15:47:10","slug":"britterna-slutar-dela-underrattelser-om-knarkbatar-med-usa","status":"publish","type":"post","link":"https:\/\/www.europesays.com\/se\/77963\/","title":{"rendered":"Britterna slutar dela underr\u00e4ttelser om knarkb\u00e5tar med USA"},"content":{"rendered":"<p>Storbritannien delar inte l\u00e4ngre underr\u00e4ttelser om misst\u00e4nkta knarksmugglarb\u00e5tar i Karibien med USA. Detta eftersom de inte vill vara delaktiga i den amerikanska milit\u00e4rens d\u00f6dliga attacker, uppger flera k\u00e4llor med insyn f\u00f6r CNN.<\/p>\n<p>Britterna har i \u00e5ratal hj\u00e4lpt USA med underr\u00e4ttelser om misst\u00e4nkta smugglarb\u00e5tar i omr\u00e5det, men satte stopp f\u00f6r \u00f6ver en m\u00e5nad sedan efter att amerikanernas attacker inletts. Det inneb\u00e4r en betydande spricka i underr\u00e4ttelsesamarbetet mellan de tv\u00e5 n\u00e4ra allierade l\u00e4nderna.<\/p>\n<p>Enligt k\u00e4llorna \u00e4r Storbritanniens inst\u00e4llning att attackerna, som hittills d\u00f6dat 76 personer, bryter mot internationell r\u00e4tt. Den inst\u00e4llningen har ocks\u00e5 FN och en rad experter.<\/p>\n<p>Omni \u00e4r politiskt obundna och oberoende. Vi str\u00e4var efter att ge fler perspektiv p\u00e5 nyheterna. Har du fr\u00e5gor eller synpunkter kring v\u00e5r rapportering? <a href=\"https:\/\/omni.se\/kallor-inga-brittiska-batunderrattelser-till-usa\/a\/mailto:redaktion@omni.se\" class=\"ArticleActions_contactLink__W2F1M\" rel=\"nofollow noopener\" target=\"_blank\">Kontakta redaktionen<\/a><\/p>\n","protected":false},"excerpt":{"rendered":"Storbritannien delar inte l\u00e4ngre underr\u00e4ttelser om misst\u00e4nkta knarksmugglarb\u00e5tar i Karibien med USA. Detta eftersom de inte vill vara&hellip;\n","protected":false},"author":2,"featured_media":77964,"comment_status":"","ping_status":"","sticky":false,"template":"","format":"standard","meta":{"footnotes":""},"categories":[14],"tags":[22,23,267,1149,26,27,17,21,24,25,708,28,29,15,268,16,18,34,593,31,33,32,30,19,20,386,74,51,52,53,54],"class_list":{"0":"post-77963","1":"post","2":"type-post","3":"status-publish","4":"format-standard","5":"has-post-thumbnail","7":"category-varlden","8":"tag-breaking-news","9":"tag-breakingnews","10":"tag-europa","11":"tag-faktaruta-omni","12":"tag-featured-news","13":"tag-featurednews","14":"tag-headlines","15":"tag-huvudnyheter","16":"tag-latest-news","17":"tag-latestnews","18":"tag-latinamerika","19":"tag-main-news","20":"tag-mainnews","21":"tag-news","22":"tag-nordamerika","23":"tag-nyheter","24":"tag-rubriker","25":"tag-se","26":"tag-storbritannien","27":"tag-svenska","28":"tag-sverige","29":"tag-sweden","30":"tag-swedish","31":"tag-top-stories","32":"tag-topstories","33":"tag-trumps-usa","34":"tag-usa","35":"tag-varlden","36":"tag-world","37":"tag-world-news","38":"tag-worldnews"},"share_on_mastodon":{"url":"https:\/\/pubeurope.com\/@se\/115531850957284519","error":""},"_links":{"self":[{"href":"https:\/\/www.europesays.com\/se\/wp-json\/wp\/v2\/posts\/77963","targetHints":{"allow":["GET"]}}],"collection":[{"href":"https:\/\/www.europesays.com\/se\/wp-json\/wp\/v2\/posts"}],"about":[{"href":"https:\/\/www.europesays.com\/se\/wp-json\/wp\/v2\/types\/post"}],"author":[{"embeddable":true,"href":"https:\/\/www.europesays.com\/se\/wp-json\/wp\/v2\/users\/2"}],"replies":[{"embeddable":true,"href":"https:\/\/www.europesays.com\/se\/wp-json\/wp\/v2\/comments?post=77963"}],"version-history":[{"count":0,"href":"https:\/\/www.europesays.com\/se\/wp-json\/wp\/v2\/posts\/77963\/revisions"}],"wp:featuredmedia":[{"embeddable":true,"href":"https:\/\/www.europesays.com\/se\/wp-json\/wp\/v2\/media\/77964"}],"wp:attachment":[{"href":"https:\/\/www.europesays.com\/se\/wp-json\/wp\/v2\/media?parent=77963"}],"wp:term":[{"taxonomy":"category","embeddable":true,"href":"https:\/\/www.europesays.com\/se\/wp-json\/wp\/v2\/categories?post=77963"},{"taxonomy":"post_tag","embeddable":true,"href":"https:\/\/www.europesays.com\/se\/wp-json\/wp\/v2\/tags?post=77963"}],"curies":[{"name":"wp","href":"https:\/\/api.w.org\/{rel}","templated":true}]}}