{"id":77980,"date":"2025-11-11T16:15:15","date_gmt":"2025-11-11T16:15:15","guid":{"rendered":"https:\/\/www.europesays.com\/se\/77980\/"},"modified":"2025-11-11T16:15:15","modified_gmt":"2025-11-11T16:15:15","slug":"hoga-halter-av-pfas-i-svenska-skogssorkar-och-faglar","status":"publish","type":"post","link":"https:\/\/www.europesays.com\/se\/77980\/","title":{"rendered":"H\u00f6ga halter av PFAS i svenska skogssorkar och f\u00e5glar"},"content":{"rendered":"<p class=\"css-176tai e1bngt7x2\">Nyligen kunde forskare fr\u00e5n University of British Columbia f\u00f6r f\u00f6rsta g\u00e5ngen konstatera att PFAS fanns i havsuttrar i omr\u00e5det och det finns flera studier p\u00e5 PFAS hos vattenlevande djur. I Storbritannien har \u201devighetskemikalien\u201d hittats i sp\u00e4ckhuggare, tumlare, uttrar, fiskar och f\u00e5glar.<\/p>\n<p class=\"css-176tai e1bngt7x2\">I Sverige har forskare fr\u00e5n SLU unders\u00f6kt PFAS-halterna hos skogssorkar p\u00e5 Fr\u00f6s\u00f6n i J\u00e4mtland, ett omr\u00e5de d\u00e4r F\u00f6rsvarsmakten haft brand\u00f6vningsverksamhet. Resultaten f\u00f6rv\u00e5nande dem, ber\u00e4ttar Frauke Ecke universitetslektor vid SLU och professor vid Helsingfors universitet.<\/p>\n<p class=\"css-176tai e1bngt7x2\">\u2013 Vi v\u00e4ntade oss inte de h\u00e4r h\u00f6ga koncentrationerna. Vi utgick fr\u00e5n att vi skulle ha ganska stor variation, men det var det inte, utan det var extremt h\u00f6ga halter.<\/p>\n<p>Allvarliga leverskador<\/p>\n<p class=\"css-176tai e1bngt7x2\">Sorkarna hade ocks\u00e5 leverskador som misst\u00e4nks ha orsakats av PFAS.<\/p>\n<p class=\"css-176tai e1bngt7x2\">\u2013 Det var delvis ganska allvarliga leverskador. Veterin\u00e4rerna som \u00e4r med i studien kan inte f\u00f6rklara dem p\u00e5 annat s\u00e4tt \u00e4n att de har orsakats av PFAS.<\/p>\n<p class=\"css-176tai e1bngt7x2\">Tidigare studier har visat att djur h\u00f6gre upp i n\u00e4ringskedjan ofta har h\u00f6gre halter PFAS. Det finns oro f\u00f6r att till exempel sp\u00e4ckhuggarpopulationer ska g\u00e5 under p\u00e5 grund av gifterna som ackumuleras genom n\u00e4ringskedjan.<\/p>\n<p class=\"css-176tai e1bngt7x2\">Skogssork \u00e4r ett vanligt bytesdjur och stapelf\u00f6da f\u00f6r bland annat p\u00e4rlugglan. En g\u00e5ng var det Sveriges vanligaste uggla, men nu \u00e4r den p\u00e5 tillbakag\u00e5ng. \u00c4ven hos p\u00e4rlugglor hittade forskarna fr\u00e5n SLU h\u00f6ga halter PFAS.<\/p>\n<p class=\"css-176tai e1bngt7x2\">\u2013 Det st\u00e4mmer ju v\u00e4l med det man vet om hur det anrikas l\u00e4ngs n\u00e4ringskedjan, s\u00e4ger Frauke Ecke.<\/p>\n<p class=\"css-176tai e1bngt7x2\">\u00c4n vet forskarna inte hur p\u00e4rlugglorna p\u00e5verkas av PFAS.<\/p>\n<p class=\"css-176tai e1bngt7x2\">\u2013 Vi vet bara att det \u00e4r h\u00f6ga koncentrationer. Men det g\u00e5r v\u00e4ldigt d\u00e5ligt f\u00f6r p\u00e4rlugglan och d\u00e5 \u00e4r en fundering att milj\u00f6gifter eventuellt kan bidra till nedg\u00e5ngen.<\/p>\n<p>Mer mottagliga<\/p>\n<p class=\"css-176tai e1bngt7x2\">En ovanligt h\u00f6g andel av sorkarna var infekterade med sorkfebervirus och forskarna misst\u00e4nker att leverskadorna gjort dem mer infektionsk\u00e4nsliga.<\/p>\n<p class=\"css-176tai e1bngt7x2\">\u2013 Det \u00e4r i enlighet med en hypotes som finns kring att milj\u00f6gifter g\u00f6r en, \u00e4ven oss m\u00e4nniskor, mer mottagliga f\u00f6r infektionssjukdomar.<\/p>\n<p class=\"css-176tai e1bngt7x2\">Den svenska studien \u00e4r en av relativt f\u00e5 som gjorts p\u00e5 landlevande djur. Det beh\u00f6vs mer forskning p\u00e5 omr\u00e5det, anser Frauke Ecke, inte minst f\u00f6r hur det p\u00e5verkar oss m\u00e4nniskor.<\/p>\n<p class=\"css-176tai e1bngt7x2\">\u2013 Ett f\u00f6rsta steg kan ju vara att vi tittar p\u00e5 hur det p\u00e5verkar levande djur f\u00f6r att g\u00e5 vidare med vad det g\u00f6r hos m\u00e4nniskor.<\/p>\n<p class=\"css-176tai e1bngt7x2\">\u2013 Vi \u00e4ter visserligen inte sorkar, men vi \u00e4ter annat vilt och vi har hittat PFAS hos \u00e4lg och r\u00e5djur. Det har legat under varningskoncentrationerna fr\u00e5n Livsmedelsverket, men ganska n\u00e4ra gr\u00e4nsen.<\/p>\n<p>Fakta: PFAS<\/p>\n<p>PFAS st\u00e5r f\u00f6r poly- och perfluorerade alkylsubstanser och kan ocks\u00e5 kallas h\u00f6gflourerande \u00e4mnen.<\/p>\n<p>PFAS \u00e4r kemikalier skapade av m\u00e4nniskan som bryts ner extremt l\u00e5ngsamt och d\u00e4rf\u00f6r ansamlas i naturen och i v\u00e5ra kroppar.<\/p>\n<p>Att \u00e5terkommande f\u00e5 i sig PFAS under l\u00e4ngre tid kan p\u00e5verka h\u00e4lsan p\u00e5 sikt. Foster, sp\u00e4dbarn och barn tros vara extra k\u00e4nsliga. Studier har visat att PFAS-\u00e4mnen kan p\u00e5verka immunf\u00f6rsvar, f\u00f6delsevikt, kolesterolhalten i blodet, vara reproduktionsst\u00f6rande samt \u00f6ka risken f\u00f6r vissa cancerformer.<\/p>\n<p>PFAS har tillverkats sedan 1950-talet och \u00e4r bland annat smuts- och fettavvisande. Det finns i allt m\u00f6jligt som smink, impregnering, popcornp\u00e5sar, brandskum och solceller.<\/p>\n<p>PFAS finns inte naturligt i naturen, men hittas numera \u00f6verallt. Bland annat kan miljontals europ\u00e9er vara utsatta f\u00f6r h\u00f6ga niv\u00e5er i sitt dricksvatten.<\/p>\n","protected":false},"excerpt":{"rendered":"Nyligen kunde forskare fr\u00e5n University of British Columbia f\u00f6r f\u00f6rsta g\u00e5ngen konstatera att PFAS fanns i havsuttrar i&hellip;\n","protected":false},"author":2,"featured_media":77981,"comment_status":"","ping_status":"","sticky":false,"template":"","format":"standard","meta":{"footnotes":""},"categories":[5],"tags":[22,23,26,27,17,21,24,25,28,29,15,16,18,34,31,33,32,30,19,20],"class_list":{"0":"post-77980","1":"post","2":"type-post","3":"status-publish","4":"format-standard","5":"has-post-thumbnail","7":"category-rubriker","8":"tag-breaking-news","9":"tag-breakingnews","10":"tag-featured-news","11":"tag-featurednews","12":"tag-headlines","13":"tag-huvudnyheter","14":"tag-latest-news","15":"tag-latestnews","16":"tag-main-news","17":"tag-mainnews","18":"tag-news","19":"tag-nyheter","20":"tag-rubriker","21":"tag-se","22":"tag-svenska","23":"tag-sverige","24":"tag-sweden","25":"tag-swedish","26":"tag-top-stories","27":"tag-topstories"},"share_on_mastodon":{"url":"https:\/\/pubeurope.com\/@se\/115531961034418073","error":""},"_links":{"self":[{"href":"https:\/\/www.europesays.com\/se\/wp-json\/wp\/v2\/posts\/77980","targetHints":{"allow":["GET"]}}],"collection":[{"href":"https:\/\/www.europesays.com\/se\/wp-json\/wp\/v2\/posts"}],"about":[{"href":"https:\/\/www.europesays.com\/se\/wp-json\/wp\/v2\/types\/post"}],"author":[{"embeddable":true,"href":"https:\/\/www.europesays.com\/se\/wp-json\/wp\/v2\/users\/2"}],"replies":[{"embeddable":true,"href":"https:\/\/www.europesays.com\/se\/wp-json\/wp\/v2\/comments?post=77980"}],"version-history":[{"count":0,"href":"https:\/\/www.europesays.com\/se\/wp-json\/wp\/v2\/posts\/77980\/revisions"}],"wp:featuredmedia":[{"embeddable":true,"href":"https:\/\/www.europesays.com\/se\/wp-json\/wp\/v2\/media\/77981"}],"wp:attachment":[{"href":"https:\/\/www.europesays.com\/se\/wp-json\/wp\/v2\/media?parent=77980"}],"wp:term":[{"taxonomy":"category","embeddable":true,"href":"https:\/\/www.europesays.com\/se\/wp-json\/wp\/v2\/categories?post=77980"},{"taxonomy":"post_tag","embeddable":true,"href":"https:\/\/www.europesays.com\/se\/wp-json\/wp\/v2\/tags?post=77980"}],"curies":[{"name":"wp","href":"https:\/\/api.w.org\/{rel}","templated":true}]}}