{"id":77991,"date":"2025-11-11T16:25:20","date_gmt":"2025-11-11T16:25:20","guid":{"rendered":"https:\/\/www.europesays.com\/se\/77991\/"},"modified":"2025-11-11T16:25:20","modified_gmt":"2025-11-11T16:25:20","slug":"over-1000-spelare-utreds-i-turkiet","status":"publish","type":"post","link":"https:\/\/www.europesays.com\/se\/77991\/","title":{"rendered":"\u00d6ver 1000 spelare utreds i Turkiet"},"content":{"rendered":"<p>Publicerad 10 nov 2025 kl 19.27Uppdaterad kl 21.47<\/p>\n<p><img   alt=\"\"\/><\/p>\n<p>Turkiska fotbollsf\u00f6rbundets president Ibrahim Haciosmanoglu.<\/p>\n<p>Foto: SAMET YALCIN \/ AP TT NYHETSBYR\u00c5N<\/p>\n<p>\u00d6ppna bild i helsk\u00e4rm<\/p>\n<p>En stor bettingskandal skakar om turkisk fotboll.\u00a0<\/p>\n<p><a href=\"https:\/\/www.expressen.se\/sport\/fotboll\/skandalen-149-turkiska-fotbollsdomare-stangs-av\/\" rel=\"nofollow noopener\" target=\"_blank\">I b\u00f6rjan av november <\/a>meddelade det turkiska f\u00f6rbundet att hela 149 domare st\u00e4ngs av p\u00e5 grund av att de satsat pengar p\u00e5 matcher.\u00a0<\/p>\n<p>\u2013 Vi \u00e4r fast beslutna om att st\u00e4da upp v\u00e5r fotboll fr\u00e5n korruption. Det kommer inte att finnas n\u00e5gra undantag, sa f\u00f6rbundspresident Ibrahim Haciosmanoglu i ett uttalande d\u00e5.<\/p>\n<p>Nu v\u00e4xer utredningsarbetet i Turkiet.<\/p>\n<p>1024 spelare utreds nu f\u00f6r inblandning i vadslagning kring fotbollsmatcher. 27 av spelarna tillh\u00f6r lag i den turkiska h\u00f6gstaligan S\u00fcper Lig. Bland de namngivna spelarna \u00e5terfinns Galatasarays Eren Elmali och Metehan Baltaci samt Besiktas spelare Necip Uysal och Ersin Destano\u011flu.<\/p>\n<p>De utpekade spelarna h\u00e4nvisas till disciplinn\u00e4mnden PFDK.<\/p>\n<p>Pausar ligorna<\/p>\n<p>Vidare meddelar f\u00f6rbundet att den turkiska tredje- och fj\u00e4rdeligan s\u00e4tts p\u00e5 paus i tv\u00e5 veckor. S\u00fcper Lig och andraligan forts\u00e4tter som vanligt.<\/p>\n<p>Tre svenskar, Joe Mendes, Sam Larsson och Alper Demirol, spelar i den turkiska h\u00f6gstaligan. Ingen av svenskarna \u00e5terfinns bland de 1024 utpekade spelarna.<\/p>\n","protected":false},"excerpt":{"rendered":"Publicerad 10 nov 2025 kl 19.27Uppdaterad kl 21.47 Turkiska fotbollsf\u00f6rbundets president Ibrahim Haciosmanoglu. Foto: SAMET YALCIN \/ AP&hellip;\n","protected":false},"author":2,"featured_media":77992,"comment_status":"","ping_status":"","sticky":false,"template":"","format":"standard","meta":{"footnotes":""},"categories":[68],"tags":[34,129,111,110,31,33,32,30],"class_list":{"0":"post-77991","1":"post","2":"type-post","3":"status-publish","4":"format-standard","5":"has-post-thumbnail","7":"category-sport","8":"tag-se","9":"tag-sections-fotboll","10":"tag-sport","11":"tag-sports","12":"tag-svenska","13":"tag-sverige","14":"tag-sweden","15":"tag-swedish"},"share_on_mastodon":{"url":"https:\/\/pubeurope.com\/@se\/115532000323680657","error":""},"_links":{"self":[{"href":"https:\/\/www.europesays.com\/se\/wp-json\/wp\/v2\/posts\/77991","targetHints":{"allow":["GET"]}}],"collection":[{"href":"https:\/\/www.europesays.com\/se\/wp-json\/wp\/v2\/posts"}],"about":[{"href":"https:\/\/www.europesays.com\/se\/wp-json\/wp\/v2\/types\/post"}],"author":[{"embeddable":true,"href":"https:\/\/www.europesays.com\/se\/wp-json\/wp\/v2\/users\/2"}],"replies":[{"embeddable":true,"href":"https:\/\/www.europesays.com\/se\/wp-json\/wp\/v2\/comments?post=77991"}],"version-history":[{"count":0,"href":"https:\/\/www.europesays.com\/se\/wp-json\/wp\/v2\/posts\/77991\/revisions"}],"wp:featuredmedia":[{"embeddable":true,"href":"https:\/\/www.europesays.com\/se\/wp-json\/wp\/v2\/media\/77992"}],"wp:attachment":[{"href":"https:\/\/www.europesays.com\/se\/wp-json\/wp\/v2\/media?parent=77991"}],"wp:term":[{"taxonomy":"category","embeddable":true,"href":"https:\/\/www.europesays.com\/se\/wp-json\/wp\/v2\/categories?post=77991"},{"taxonomy":"post_tag","embeddable":true,"href":"https:\/\/www.europesays.com\/se\/wp-json\/wp\/v2\/tags?post=77991"}],"curies":[{"name":"wp","href":"https:\/\/api.w.org\/{rel}","templated":true}]}}