{"id":77999,"date":"2025-11-11T16:39:08","date_gmt":"2025-11-11T16:39:08","guid":{"rendered":"https:\/\/www.europesays.com\/se\/77999\/"},"modified":"2025-11-11T16:39:08","modified_gmt":"2025-11-11T16:39:08","slug":"polisen-vadjar-om-hjalp-efter-mordforsoken-i-sandviken","status":"publish","type":"post","link":"https:\/\/www.europesays.com\/se\/77999\/","title":{"rendered":"Polisen v\u00e4djar om hj\u00e4lp efter mordf\u00f6rs\u00f6ken i Sandviken"},"content":{"rendered":"<p>Publicerad 11 nov 2025 kl 16.26Uppdaterad kl 17.34<\/p>\n<p>F\u00f6r en dryg m\u00e5nad sedan sk\u00f6t en ok\u00e4nd person mot tv\u00e5 unga m\u00e4n i Sandviken.<\/p>\n<p>Nu publicerar polisen en bild som visar personen p\u00e5 en elsparkcykel \u2013 och v\u00e4djar om hj\u00e4lp.<\/p>\n<p>Nyheter, reportage och analyser i Sverige och i \u00f6vriga v\u00e4rlden.<\/p>\n<p>Strax efter klockan fem p\u00e5 eftermiddagen avfyrade en ensam g\u00e4rningsman flera skott mot tv\u00e5 m\u00e4n i 18-\u00e5rs\u00e5ldern i Nybonsbacken i <a href=\"https:\/\/www.expressen.se\/tagg\/location\/sandviken\/\" class=\"\" rel=\"nofollow noopener\" target=\"_blank\">Sandviken<\/a>.<\/p>\n<p>En av dem tr\u00e4ffades och fick f\u00f6ras till sjukhus med ambulans, men klarade sig.<\/p>\n<p>Det hela utreds som tv\u00e5 fall av mordf\u00f6rs\u00f6k \u2013 men polisen vet inte vem skytten \u00e4r.<\/p>\n<p>Genom vittnen och \u00f6vervakningskameror har man visat att personen \u00e5kte elsparkcykel p\u00e5 Sl\u00e4ntv\u00e4gen och Stenbacksv\u00e4gen b\u00e5de f\u00f6re och efter brottet.<\/p>\n<p>Nu s\u00f6ker polisen uppgifter fr\u00e5n personer som kan ha sett n\u00e5got intressant i omr\u00e5det den aktuella dagen.<\/p>\n<p><img loading=\"lazy\"   alt=\"\"\/><\/p>\n<p>Bilden polisen sl\u00e4ppt.<\/p>\n<p>Foto: Polisen<\/p>\n<p>\u00d6ppna bild i helsk\u00e4rm<\/p>\n<p>\u201dN\u00e5got som du bed\u00f6mer som ointressant kan vara avg\u00f6rande f\u00f6r utredningen. Tips och iakttagelser l\u00e4mnas till polisen p\u00e5 114 14, vid akuta h\u00e4ndelser ska man ringa 112\u201d, skriver polisen.<\/p>\n<p>Polisens sista iakttagelse \u00e4r fr\u00e5n korsningen mellan Snickargatan och Klangv\u00e4gen<\/p>\n","protected":false},"excerpt":{"rendered":"Publicerad 11 nov 2025 kl 16.26Uppdaterad kl 17.34 F\u00f6r en dryg m\u00e5nad sedan sk\u00f6t en ok\u00e4nd person mot&hellip;\n","protected":false},"author":2,"featured_media":78000,"comment_status":"","ping_status":"","sticky":false,"template":"","format":"standard","meta":{"footnotes":""},"categories":[5],"tags":[22,23,26,27,17,21,24,25,2834,28,29,15,16,18,34,154,31,33,32,30,19,436,20],"class_list":{"0":"post-77999","1":"post","2":"type-post","3":"status-publish","4":"format-standard","5":"has-post-thumbnail","7":"category-rubriker","8":"tag-breaking-news","9":"tag-breakingnews","10":"tag-featured-news","11":"tag-featurednews","12":"tag-headlines","13":"tag-huvudnyheter","14":"tag-latest-news","15":"tag-latestnews","16":"tag-location-sandviken","17":"tag-main-news","18":"tag-mainnews","19":"tag-news","20":"tag-nyheter","21":"tag-rubriker","22":"tag-se","23":"tag-sections-sverige","24":"tag-svenska","25":"tag-sverige","26":"tag-sweden","27":"tag-swedish","28":"tag-top-stories","29":"tag-topic-valdsbrott-mord","30":"tag-topstories"},"share_on_mastodon":{"url":"https:\/\/pubeurope.com\/@se\/115532055453518624","error":""},"_links":{"self":[{"href":"https:\/\/www.europesays.com\/se\/wp-json\/wp\/v2\/posts\/77999","targetHints":{"allow":["GET"]}}],"collection":[{"href":"https:\/\/www.europesays.com\/se\/wp-json\/wp\/v2\/posts"}],"about":[{"href":"https:\/\/www.europesays.com\/se\/wp-json\/wp\/v2\/types\/post"}],"author":[{"embeddable":true,"href":"https:\/\/www.europesays.com\/se\/wp-json\/wp\/v2\/users\/2"}],"replies":[{"embeddable":true,"href":"https:\/\/www.europesays.com\/se\/wp-json\/wp\/v2\/comments?post=77999"}],"version-history":[{"count":0,"href":"https:\/\/www.europesays.com\/se\/wp-json\/wp\/v2\/posts\/77999\/revisions"}],"wp:featuredmedia":[{"embeddable":true,"href":"https:\/\/www.europesays.com\/se\/wp-json\/wp\/v2\/media\/78000"}],"wp:attachment":[{"href":"https:\/\/www.europesays.com\/se\/wp-json\/wp\/v2\/media?parent=77999"}],"wp:term":[{"taxonomy":"category","embeddable":true,"href":"https:\/\/www.europesays.com\/se\/wp-json\/wp\/v2\/categories?post=77999"},{"taxonomy":"post_tag","embeddable":true,"href":"https:\/\/www.europesays.com\/se\/wp-json\/wp\/v2\/tags?post=77999"}],"curies":[{"name":"wp","href":"https:\/\/api.w.org\/{rel}","templated":true}]}}