{"id":78011,"date":"2025-11-11T17:05:09","date_gmt":"2025-11-11T17:05:09","guid":{"rendered":"https:\/\/www.europesays.com\/se\/78011\/"},"modified":"2025-11-11T17:05:09","modified_gmt":"2025-11-11T17:05:09","slug":"forwarden-lamnar-oskarshamn-inte-hittat-en-passande-roll","status":"publish","type":"post","link":"https:\/\/www.europesays.com\/se\/78011\/","title":{"rendered":"Forwarden l\u00e4mnar Oskarshamn: &#8221;Inte hittat en passande roll&#8221;"},"content":{"rendered":"<p><strong>Linus Nyman kom till <a href=\"https:\/\/hockeysverige.se\/klubb\/ik-oskarshamn\/\" rel=\"nofollow noopener\" target=\"_blank\">Oskarshamn<\/a> fr\u00e5n finska Liiga inf\u00f6r s\u00e4songen. <\/strong><br \/><strong>Nu st\u00e5r det klart att det bara blev 14 matcher f\u00f6r 26-\u00e5ringen i Sverige.<br \/>\u2013 B\u00e5de han och vi k\u00e4nner att det b\u00e4sta i den h\u00e4r situationen \u00e4r att avsluta v\u00e5rt samarbete, s\u00e4ger sportchef Arsi Piispanen till <a href=\"https:\/\/www.ikoskarshamn.se\/article\/gv7at5k-2egc1\/view\" rel=\"nofollow noopener\" target=\"_blank\">klubbens hemsida<\/a>.<\/strong><\/p>\n<p><img loading=\"lazy\" decoding=\"async\" width=\"1024\" height=\"658\" src=\"https:\/\/www.europesays.com\/se\/wp-content\/uploads\/2025\/11\/Linus-Nyman-1-1024x658.webp.webp\" alt=\"\" class=\"wp-image-324411\"  \/>Linus Nyman.<br \/>\nFoto: Suvad Mrkonjic\/Bildbyr\u00e5n.<\/p>\n<p>Det blev en kort sejour i Sverige f\u00f6r 26-\u00e5rige Linus Nyman. Forwarden v\u00e4rvades till Oskarshamn fr\u00e5n Lukko i den finska h\u00f6gstaligan, men har inte lyckats g\u00f6ra avtryck i <a href=\"https:\/\/hockeysverige.se\/hockeyallsvenskan\/\" rel=\"nofollow noopener\" target=\"_blank\">Hockeyallsvenskan<\/a>. Nyman har noterats f\u00f6r fyra po\u00e4ng (1+3) p\u00e5 fjorton matcher, och nu \u00e4r parterna \u00f6verens om att bryta kontraktet.<\/p>\n<p>\u2013 Vi har inte hittat en passande roll f\u00f6r Linus och b\u00e5de han och vi k\u00e4nner att det b\u00e4sta i den h\u00e4r situationen \u00e4r att avsluta v\u00e5rt samarbete. Vi \u00f6nskar Linus lycka till i framtiden, s\u00e4ger sportchef Arsi Piispanen.<\/p>\n<p> Source: <a href=\"https:\/\/www.eliteprospects.com\/player\/277057\/linus-nyman\" target=\"_blank\" rel=\"noopener noreferrer nofollow\">Linus Nyman<\/a> @ Elite Prospects<\/p>\n","protected":false},"excerpt":{"rendered":"Linus Nyman kom till Oskarshamn fr\u00e5n finska Liiga inf\u00f6r s\u00e4songen. Nu st\u00e5r det klart att det bara blev&hellip;\n","protected":false},"author":2,"featured_media":78012,"comment_status":"","ping_status":"","sticky":false,"template":"","format":"standard","meta":{"footnotes":""},"categories":[68],"tags":[621,34,133,111,110,31,33,32,30],"class_list":{"0":"post-78011","1":"post","2":"type-post","3":"status-publish","4":"format-standard","5":"has-post-thumbnail","7":"category-sport","8":"tag-hockeyallsvenskan","9":"tag-se","10":"tag-second-news","11":"tag-sport","12":"tag-sports","13":"tag-svenska","14":"tag-sverige","15":"tag-sweden","16":"tag-swedish"},"share_on_mastodon":{"url":"https:\/\/pubeurope.com\/@se\/115532157781528584","error":""},"_links":{"self":[{"href":"https:\/\/www.europesays.com\/se\/wp-json\/wp\/v2\/posts\/78011","targetHints":{"allow":["GET"]}}],"collection":[{"href":"https:\/\/www.europesays.com\/se\/wp-json\/wp\/v2\/posts"}],"about":[{"href":"https:\/\/www.europesays.com\/se\/wp-json\/wp\/v2\/types\/post"}],"author":[{"embeddable":true,"href":"https:\/\/www.europesays.com\/se\/wp-json\/wp\/v2\/users\/2"}],"replies":[{"embeddable":true,"href":"https:\/\/www.europesays.com\/se\/wp-json\/wp\/v2\/comments?post=78011"}],"version-history":[{"count":0,"href":"https:\/\/www.europesays.com\/se\/wp-json\/wp\/v2\/posts\/78011\/revisions"}],"wp:featuredmedia":[{"embeddable":true,"href":"https:\/\/www.europesays.com\/se\/wp-json\/wp\/v2\/media\/78012"}],"wp:attachment":[{"href":"https:\/\/www.europesays.com\/se\/wp-json\/wp\/v2\/media?parent=78011"}],"wp:term":[{"taxonomy":"category","embeddable":true,"href":"https:\/\/www.europesays.com\/se\/wp-json\/wp\/v2\/categories?post=78011"},{"taxonomy":"post_tag","embeddable":true,"href":"https:\/\/www.europesays.com\/se\/wp-json\/wp\/v2\/tags?post=78011"}],"curies":[{"name":"wp","href":"https:\/\/api.w.org\/{rel}","templated":true}]}}