{"id":78118,"date":"2025-11-11T19:03:11","date_gmt":"2025-11-11T19:03:11","guid":{"rendered":"https:\/\/www.europesays.com\/se\/78118\/"},"modified":"2025-11-11T19:03:11","modified_gmt":"2025-11-11T19:03:11","slug":"spricka-mellan-usa-och-storbritannien-expressen","status":"publish","type":"post","link":"https:\/\/www.europesays.com\/se\/78118\/","title":{"rendered":"Spricka mellan USA och Storbritannien &#8211; Expressen"},"content":{"rendered":"<ol>\n<li><a href=\"https:\/\/news.google.com\/rss\/articles\/CBMilwFBVV95cUxNcWQ0SnRkU2RTVTY1MFZyTnNBcmYtN21HUVoyaVV4VS1GR25QVFNuZ2otQkFJVVNDcW95ejZlVVhMVXVhTDB0V1FfZUI3MTY1bXJueEZGdEVHa3JnVTljcm15eVl2eE1ZdnQyN19iNFBERGtqUTVlVFB5R0NDcGZNMkJ3OEQ3X2NIcERGUGd1dG1Ec0dlUG1Z?oc=5\" target=\"_blank\" rel=\"nofollow noopener\">Spricka mellan USA och Storbritannien<\/a>&nbsp;&nbsp;Expressen<\/li>\n<li><a href=\"https:\/\/news.google.com\/rss\/articles\/CBMiigFBVV95cUxPS3BKWmZHVVpISEx5SzhmZTlPZXhORFlTYXBqd0xXLTZDNFMxZzZDdnd5WDVGS3Q0a1VCOERSb0E5TFl0SzRaZ20tTDFteGRGWjNTdWZMRWxfcDB5ell5SW03dm94R0EzbXlIcldQN09qU2hjREJTXzh4eDhiTEVNU1lPZzdqUEhYUFE?oc=5\" target=\"_blank\" rel=\"nofollow noopener\">Storbritannien slutar dela underr\u00e4ttelser efter b\u00e5tattacker<\/a>&nbsp;&nbsp;Aftonbladet<\/li>\n<li><a href=\"https:\/\/news.google.com\/rss\/articles\/CBMisAFBVV95cUxPV2VOcnd0SmxWcXF6TU5TeGpaamtCbUE3cDZsdWhrOEJVc0VtRlhDZEFNeDM1cFJ2cDY1RjJPaUMtdmNLNy1UazVNVV96RXJmWEdTZi14ZVBBTFY4TzVhNWcza3BYQUFzVnhVdUs1THdqTG9wc2hDSUhqYURJTG5rU19ySnJZOE1NQ2hFSWtfNXRBNnpfbzN6ekFSaU9WSGkzQWVIRlBPUVhEQ0ZjQmNYcA?oc=5\" target=\"_blank\" rel=\"nofollow noopener\">Storbritannien avbryter underr\u00e4ttelseutbyte med USA<\/a>&nbsp;&nbsp;\u0421\u043b\u043e\u0431\u043e\u0434\u0435\u043d \u043f\u0435\u0447\u0430\u0442<\/li>\n<li><a href=\"https:\/\/news.google.com\/rss\/articles\/CBMifkFVX3lxTE9kUWJHTVpJa0ZUX2xEQzc1Sjk3Ym9HcmphaVoydGJYUjRvdUdOSUdZZXhyS1I2LS1SNnZmUkp5eUw4VThGc2tMV3ZvdU80ZnB0Qmo4NF81WjNpOHNycDl3emx5LUtiUEV5UnBIdTdWMVVmcG1yaDM1ajJHTzZKQQ?oc=5\" target=\"_blank\" rel=\"nofollow noopener\">K\u00e4llor: Britterna slutar dela underr\u00e4ttelser om knarkb\u00e5tar med USA<\/a>&nbsp;&nbsp;Omni<\/li>\n<li><a href=\"https:\/\/news.google.com\/rss\/articles\/CBMijwFBVV95cUxOTDdnal9MRnRBSlJCdkV5SG1lM09TdW92T0plVXBMSmZpcWZ5ZmpfUG9VZkl0QWJDcWhRVkRsd01XM3l2MGFpV0lzX2NMUWpHXzRyUTdFeTFaajBFb2Ezc2pXdVlDUWNfamlyR2FDTWtoSUpMN2R4MTFSallaNFY1X1d3VkNLOUZCQ0RPcktUOA?oc=5\" target=\"_blank\" rel=\"nofollow noopener\">UPPGIFTER: Ov\u00e4ntat besked \u2013 Storbritannien s\u00e4ger nej till USA<\/a>&nbsp;&nbsp;Marcus Oscarsson<\/li>\n<\/ol>\n","protected":false},"excerpt":{"rendered":"Spricka mellan USA och Storbritannien&nbsp;&nbsp;Expressen Storbritannien slutar dela underr\u00e4ttelser efter b\u00e5tattacker&nbsp;&nbsp;Aftonbladet Storbritannien avbryter underr\u00e4ttelseutbyte med USA&nbsp;&nbsp;\u0421\u043b\u043e\u0431\u043e\u0434\u0435\u043d \u043f\u0435\u0447\u0430\u0442 K\u00e4llor:&hellip;\n","protected":false},"author":2,"featured_media":39,"comment_status":"","ping_status":"","sticky":false,"template":"","format":"standard","meta":{"footnotes":""},"categories":[14],"tags":[22,23,26,27,35,17,21,24,25,28,29,15,16,18,34,31,33,32,30,19,20,51,52,53,54],"class_list":{"0":"post-78118","1":"post","2":"type-post","3":"status-publish","4":"format-standard","5":"has-post-thumbnail","7":"category-varlden","8":"tag-breaking-news","9":"tag-breakingnews","10":"tag-featured-news","11":"tag-featurednews","12":"tag-function-ta-bort-ai-rost","13":"tag-headlines","14":"tag-huvudnyheter","15":"tag-latest-news","16":"tag-latestnews","17":"tag-main-news","18":"tag-mainnews","19":"tag-news","20":"tag-nyheter","21":"tag-rubriker","22":"tag-se","23":"tag-svenska","24":"tag-sverige","25":"tag-sweden","26":"tag-swedish","27":"tag-top-stories","28":"tag-topstories","29":"tag-varlden","30":"tag-world","31":"tag-world-news","32":"tag-worldnews"},"share_on_mastodon":{"url":"https:\/\/pubeurope.com\/@se\/115532621594268356","error":""},"_links":{"self":[{"href":"https:\/\/www.europesays.com\/se\/wp-json\/wp\/v2\/posts\/78118","targetHints":{"allow":["GET"]}}],"collection":[{"href":"https:\/\/www.europesays.com\/se\/wp-json\/wp\/v2\/posts"}],"about":[{"href":"https:\/\/www.europesays.com\/se\/wp-json\/wp\/v2\/types\/post"}],"author":[{"embeddable":true,"href":"https:\/\/www.europesays.com\/se\/wp-json\/wp\/v2\/users\/2"}],"replies":[{"embeddable":true,"href":"https:\/\/www.europesays.com\/se\/wp-json\/wp\/v2\/comments?post=78118"}],"version-history":[{"count":0,"href":"https:\/\/www.europesays.com\/se\/wp-json\/wp\/v2\/posts\/78118\/revisions"}],"wp:featuredmedia":[{"embeddable":true,"href":"https:\/\/www.europesays.com\/se\/wp-json\/wp\/v2\/media\/39"}],"wp:attachment":[{"href":"https:\/\/www.europesays.com\/se\/wp-json\/wp\/v2\/media?parent=78118"}],"wp:term":[{"taxonomy":"category","embeddable":true,"href":"https:\/\/www.europesays.com\/se\/wp-json\/wp\/v2\/categories?post=78118"},{"taxonomy":"post_tag","embeddable":true,"href":"https:\/\/www.europesays.com\/se\/wp-json\/wp\/v2\/tags?post=78118"}],"curies":[{"name":"wp","href":"https:\/\/api.w.org\/{rel}","templated":true}]}}