{"id":78123,"date":"2025-11-11T19:11:29","date_gmt":"2025-11-11T19:11:29","guid":{"rendered":"https:\/\/www.europesays.com\/se\/78123\/"},"modified":"2025-11-11T19:11:29","modified_gmt":"2025-11-11T19:11:29","slug":"trump-varnar-for-ekonomisk-katastrof-om-tullar-tas-bort","status":"publish","type":"post","link":"https:\/\/www.europesays.com\/se\/78123\/","title":{"rendered":"TRUMP VARNAR F\u00d6R EKONOMISK KATASTROF OM TULLAR TAS BORT"},"content":{"rendered":"<p class=\"font-sans text-base text-text-main dark:text-text-main-dark font-normal leading-[1.4]\">STOCKHOLM (Nyhetsbyr\u00e5n Direkt) USA:s president Donald Trump sade p\u00e5 m\u00e5ndagen att USA skulle st\u00e5 inf\u00f6r en ekonomisk och nationell s\u00e4kerhetskatastrof om H\u00f6gsta domstolen d\u00f6mde mot hans anv\u00e4ndning av tullar.<\/p>\n<p class=\"font-sans text-base text-text-main dark:text-text-main-dark font-normal leading-[1.4]\">Det rapporterar Reuters.<\/p>\n<p class=\"font-sans text-base text-text-main dark:text-text-main-dark font-normal leading-[1.4]\">Trump sade att hans administration planerar att ge en utbetalning p\u00e5 2.000 dollar till l\u00e5g- och medelinkomsttagare, finansierad av tullint\u00e4kterna, medan de \u00e5terst\u00e5ende int\u00e4kterna ska anv\u00e4ndas f\u00f6r att minska USA:s statsskuld.<\/p>\n<p class=\"font-sans text-base text-text-main dark:text-text-main-dark font-normal leading-[1.4]\">Kevin Hassett, Trumps h\u00f6gsta ekonomiska r\u00e5dgivare, sade till reportrar att administrationen initialt hade t\u00e4nkt anv\u00e4nda tullint\u00e4kterna enbart f\u00f6r att minska budgetunderskottet, men nu s\u00e5g en m\u00f6jlighet att g\u00e5 vidare med en utdelning tack vare vad han kallade &#8221;en kraftig \u00f6kning av skatteint\u00e4kterna.&#8221;<\/p>\n<p class=\"font-sans text-base text-text-main dark:text-text-main-dark font-normal leading-[1.4]\">Trumps opinionssiffror har f\u00f6rsvagats de senaste m\u00e5naderna, i takt med \u00f6kande oro \u00f6ver ekonomin och fortsatt frustration \u00f6ver inflationen.<\/p>\n<p class=\"font-sans text-base text-text-main dark:text-text-main-dark font-normal leading-[1.4]\">Trump kritiserade mediarapporter om hur mycket tullint\u00e4kter den amerikanska regeringen kan tvingas \u00e5terbetala om H\u00f6gsta domstolen fastst\u00e4ller en tidigare domstols beslut om att Trumps omfattande tullar var olagliga.<\/p>\n<p class=\"font-sans text-base text-text-main dark:text-text-main-dark font-normal leading-[1.4]\">Domare Amy Coney Barrett har antytt att det kan bli kaotiskt f\u00f6r domstolarna att hantera \u00e5terbetalningar till amerikanska import\u00f6rer som betalat tullar som f\u00f6rklarats olagliga. Det \u00e4r fortfarande oklart n\u00e4r H\u00f6gsta domstolen kommer att meddela sitt beslut, och om f\u00f6retag kan f\u00e5 tillbaka mer \u00e4n 100 miljarder dollar i redan betalda IEEPA-tullar om Trump f\u00f6rlorar.<\/p>\n<p class=\"font-sans text-base text-text-main dark:text-text-main-dark font-normal leading-[1.4]\">Trump insisterade i ett inl\u00e4gg p\u00e5 sociala medier att dessa uppskattningar var alldeles f\u00f6r l\u00e5ga och h\u00e4vdade att \u00e5terbetalningarna skulle \u00f6verstiga 2.000 miljarder dollar.<\/p>\n<p class=\"font-sans text-base text-text-main dark:text-text-main-dark font-normal leading-[1.4]\">&#8221;De anger inte r\u00e4tt siffror. Det skulle bli en ekonomisk katastrof. Det skulle bli en katastrof f\u00f6r nationell s\u00e4kerhet om vi f\u00f6rlorade m\u00e5let i H\u00f6gsta domstolen&#8221;, sade han.<\/p>\n<p class=\"font-sans text-base text-text-main dark:text-text-main-dark font-normal leading-[1.4]\">Trump framh\u00f6ll ocks\u00e5 vad han kallade en nedg\u00e5ng i inflationen sedan han tilltr\u00e4dde, och att inflationen snart kommer att ligga p\u00e5 1,5 procent.<\/p>\n<p class=\"font-sans text-base text-text-main dark:text-text-main-dark font-normal leading-[1.4]\">Mikael Sandbladh +46 8 5191 7933<\/p>\n<p class=\"font-sans text-base text-text-main dark:text-text-main-dark font-normal leading-[1.4]\">Nyhetsbyr\u00e5n Direkt<\/p>\n","protected":false},"excerpt":{"rendered":"STOCKHOLM (Nyhetsbyr\u00e5n Direkt) USA:s president Donald Trump sade p\u00e5 m\u00e5ndagen att USA skulle st\u00e5 inf\u00f6r en ekonomisk och&hellip;\n","protected":false},"author":2,"featured_media":77249,"comment_status":"","ping_status":"","sticky":false,"template":"","format":"standard","meta":{"footnotes":""},"categories":[14],"tags":[22,23,26,27,17,21,24,25,28,29,15,16,18,34,31,33,32,30,19,20,51,52,53,54],"class_list":{"0":"post-78123","1":"post","2":"type-post","3":"status-publish","4":"format-standard","5":"has-post-thumbnail","7":"category-varlden","8":"tag-breaking-news","9":"tag-breakingnews","10":"tag-featured-news","11":"tag-featurednews","12":"tag-headlines","13":"tag-huvudnyheter","14":"tag-latest-news","15":"tag-latestnews","16":"tag-main-news","17":"tag-mainnews","18":"tag-news","19":"tag-nyheter","20":"tag-rubriker","21":"tag-se","22":"tag-svenska","23":"tag-sverige","24":"tag-sweden","25":"tag-swedish","26":"tag-top-stories","27":"tag-topstories","28":"tag-varlden","29":"tag-world","30":"tag-world-news","31":"tag-worldnews"},"share_on_mastodon":{"url":"https:\/\/pubeurope.com\/@se\/115532653065417651","error":""},"_links":{"self":[{"href":"https:\/\/www.europesays.com\/se\/wp-json\/wp\/v2\/posts\/78123","targetHints":{"allow":["GET"]}}],"collection":[{"href":"https:\/\/www.europesays.com\/se\/wp-json\/wp\/v2\/posts"}],"about":[{"href":"https:\/\/www.europesays.com\/se\/wp-json\/wp\/v2\/types\/post"}],"author":[{"embeddable":true,"href":"https:\/\/www.europesays.com\/se\/wp-json\/wp\/v2\/users\/2"}],"replies":[{"embeddable":true,"href":"https:\/\/www.europesays.com\/se\/wp-json\/wp\/v2\/comments?post=78123"}],"version-history":[{"count":0,"href":"https:\/\/www.europesays.com\/se\/wp-json\/wp\/v2\/posts\/78123\/revisions"}],"wp:featuredmedia":[{"embeddable":true,"href":"https:\/\/www.europesays.com\/se\/wp-json\/wp\/v2\/media\/77249"}],"wp:attachment":[{"href":"https:\/\/www.europesays.com\/se\/wp-json\/wp\/v2\/media?parent=78123"}],"wp:term":[{"taxonomy":"category","embeddable":true,"href":"https:\/\/www.europesays.com\/se\/wp-json\/wp\/v2\/categories?post=78123"},{"taxonomy":"post_tag","embeddable":true,"href":"https:\/\/www.europesays.com\/se\/wp-json\/wp\/v2\/tags?post=78123"}],"curies":[{"name":"wp","href":"https:\/\/api.w.org\/{rel}","templated":true}]}}