{"id":78130,"date":"2025-11-11T19:18:06","date_gmt":"2025-11-11T19:18:06","guid":{"rendered":"https:\/\/www.europesays.com\/se\/78130\/"},"modified":"2025-11-11T19:18:06","modified_gmt":"2025-11-11T19:18:06","slug":"vasaloppet-dras-om-pa-grund-av-mildare-vader-hufvudstadsbladet","status":"publish","type":"post","link":"https:\/\/www.europesays.com\/se\/78130\/","title":{"rendered":"Vasaloppet dras om \u2013 p\u00e5 grund av mildare v\u00e4der &#8211; Hufvudstadsbladet"},"content":{"rendered":"<ol>\n<li><a href=\"https:\/\/news.google.com\/rss\/articles\/CBMifEFVX3lxTE55d2R0ZjBScC1JbWE5WXZfSlc5SHNyYk1peC01MEdHanZnU2lIQjYyUGtRTmlDcUVZeVJwVnhrQUNhYk9zRWxVT2wzNzZBUS1xTEdURUdxSlMtRG1Jei11S2cwQzNBb0xLYkdsaTFUVnc0NFF5WHFfczlEcE8?oc=5\" target=\"_blank\" rel=\"nofollow noopener\">Vasaloppet dras om \u2013 p\u00e5 grund av mildare v\u00e4der<\/a>&nbsp;&nbsp;Hufvudstadsbladet<\/li>\n<li><a href=\"https:\/\/news.google.com\/rss\/articles\/CBMifkFVX3lxTFB5bEtSbDdWYzBQT20xRG5Xa0gxRkpuSjJyVFNvWGhZVW5mSDVuMVFlOEhjNEM5eTFobnVfdzBkZ1I4bjBKNnBVSkdNNDhCZU1IeHJpV0dTcXE1Y3NicXZyaXF6YklTVF9sT1czY0kxVHdQVFRoanJHUTQ1U3U4UQ?oc=5\" target=\"_blank\" rel=\"nofollow noopener\">L\u00e4ngdskidor: Vasaloppet dras om: \u201dB\u00e4ttre upplevelse\u201d<\/a>&nbsp;&nbsp;SVT Nyheter<\/li>\n<li><a href=\"https:\/\/news.google.com\/rss\/articles\/CBMihAFBVV95cUxOWTVqTkI2YkZheVlRMmFKT3hiZDdOTlVyTExaendwc0k5ZGlfaGtNQnF2VFNsLWREMm5NajlCOWpxY2VGbWFha3lNS2g0Uzlua2w0YUNKV3hXcG9PV0l5WUJMeFYtTWxmSlFZRTRSeko5R0stUFYxMDA2d1lRSW4xNkRaa0s?oc=5\" target=\"_blank\" rel=\"nofollow noopener\">Vasaloppet g\u00f6rs om 2026<\/a>&nbsp;&nbsp;Aftonbladet<\/li>\n<li><a href=\"https:\/\/news.google.com\/rss\/articles\/CBMiqAFBVV95cUxQR2RMc3kyZE04SGRsU0RmalBBS2JSS04ybGk5OWdrLTJJQ216WWRiYTBKOHl0eVREaUZwQkU1YTR4ZmVCT3diSnF6Y0ljYml0OXlrUWs3d2hnWWdMOGUwWXdHb3p6cDd6dU5heHZxQ2YtMzlEOUlZQzhhSTVqbHlZcU5JLW1RaThhQV9yVmZmRjVpNXlfTDFFdkJnZllxWFV5cnNHckZRTFU?oc=5\" target=\"_blank\" rel=\"nofollow noopener\">Stort intresse f\u00f6r Vasaloppets vintervecka 2026 \u2013 och Vasaloppet dras om<\/a>&nbsp;&nbsp;Vasaloppet<\/li>\n<li><a href=\"https:\/\/news.google.com\/rss\/articles\/CBMie0FVX3lxTE5DUDY0VTZBZkJid3ZtbTJ2M3ZScTdXVkl4blQxTDFhVEtzdXUwZlF0bVZrMzNNSTV5VVRVUDVYSUdLNEJLSmRwZl9PUFMxeERGRE5ROGVCanliS2hhcTZoZUdOMHQzTGhLcTJLTUVXQXY0N0NOOTFhYVM5aw?oc=5\" target=\"_blank\" rel=\"nofollow noopener\">Vasaloppet dras om p\u00e5 grund av mildare vintrar<\/a>&nbsp;&nbsp;Omni<\/li>\n<\/ol>\n","protected":false},"excerpt":{"rendered":"Vasaloppet dras om \u2013 p\u00e5 grund av mildare v\u00e4der&nbsp;&nbsp;Hufvudstadsbladet L\u00e4ngdskidor: Vasaloppet dras om: \u201dB\u00e4ttre upplevelse\u201d&nbsp;&nbsp;SVT Nyheter Vasaloppet g\u00f6rs&hellip;\n","protected":false},"author":2,"featured_media":78131,"comment_status":"","ping_status":"","sticky":false,"template":"","format":"standard","meta":{"footnotes":""},"categories":[65],"tags":[72,70,71,34,31,33,32,30],"class_list":{"0":"post-78130","1":"post","2":"type-post","3":"status-publish","4":"format-standard","5":"has-post-thumbnail","7":"category-ekonomi","8":"tag-business","9":"tag-economy","10":"tag-ekonomi","11":"tag-se","12":"tag-svenska","13":"tag-sverige","14":"tag-sweden","15":"tag-swedish"},"share_on_mastodon":{"url":"https:\/\/pubeurope.com\/@se\/115532680594500534","error":""},"_links":{"self":[{"href":"https:\/\/www.europesays.com\/se\/wp-json\/wp\/v2\/posts\/78130","targetHints":{"allow":["GET"]}}],"collection":[{"href":"https:\/\/www.europesays.com\/se\/wp-json\/wp\/v2\/posts"}],"about":[{"href":"https:\/\/www.europesays.com\/se\/wp-json\/wp\/v2\/types\/post"}],"author":[{"embeddable":true,"href":"https:\/\/www.europesays.com\/se\/wp-json\/wp\/v2\/users\/2"}],"replies":[{"embeddable":true,"href":"https:\/\/www.europesays.com\/se\/wp-json\/wp\/v2\/comments?post=78130"}],"version-history":[{"count":0,"href":"https:\/\/www.europesays.com\/se\/wp-json\/wp\/v2\/posts\/78130\/revisions"}],"wp:featuredmedia":[{"embeddable":true,"href":"https:\/\/www.europesays.com\/se\/wp-json\/wp\/v2\/media\/78131"}],"wp:attachment":[{"href":"https:\/\/www.europesays.com\/se\/wp-json\/wp\/v2\/media?parent=78130"}],"wp:term":[{"taxonomy":"category","embeddable":true,"href":"https:\/\/www.europesays.com\/se\/wp-json\/wp\/v2\/categories?post=78130"},{"taxonomy":"post_tag","embeddable":true,"href":"https:\/\/www.europesays.com\/se\/wp-json\/wp\/v2\/tags?post=78130"}],"curies":[{"name":"wp","href":"https:\/\/api.w.org\/{rel}","templated":true}]}}