{"id":78132,"date":"2025-11-11T19:21:08","date_gmt":"2025-11-11T19:21:08","guid":{"rendered":"https:\/\/www.europesays.com\/se\/78132\/"},"modified":"2025-11-11T19:21:08","modified_gmt":"2025-11-11T19:21:08","slug":"vandningen-omark-atervander-inte-till-schweiz","status":"publish","type":"post","link":"https:\/\/www.europesays.com\/se\/78132\/","title":{"rendered":"V\u00e4ndningen: Omark \u00e5terv\u00e4nder inte till Schweiz"},"content":{"rendered":"<p>Det sv\u00e4nger snabbt runt Linus Omark. <\/p>\n<p>Nu st\u00e5r det klart att han inte kommer att \u00e5terv\u00e4nda till Schweiz, meddelar Lugano i ett pressmeddelande. <\/p>\n<p class=\"\">Nyligen f\u00f6rklarade Luganos sportchef Jannick Steinmann f\u00f6r <a class=\"null text-blue-link\" href=\"https:\/\/www.blick.ch\/fr\/sport\/hockey\/national-league\/linus-omark-de-retour-a-lugano-cest-toujours-possible-id21412022.html?utm_source=x&amp;utm_medium=social&amp;utm_campaign=share-button\" rel=\"nofollow noopener\" target=\"_blank\">Blick<\/a> att de hade en p\u00e5g\u00e5ende dialog om en forts\u00e4ttning med Linus Omark \u2013\u00a0men att det fanns detaljer som beh\u00f6vde l\u00f6sa sig. <\/p>\n<p class=\"\">\u2013 Det handlar om skolavgifter f\u00f6r hans barn. Allt borde vara klart den h\u00e4r veckan, sa han till den schweiziska tidningen tidigare idag. <\/p>\n<p class=\"\">Nu <a class=\"null text-blue-link\" href=\"https:\/\/www.hclugano.ch\/en\/linus_omark_will_not_return_to_lugano.jspx2\" rel=\"nofollow noopener\" target=\"_blank\">meddelar <\/a>dock den schweiziska klubben att Linus Omark informerat klubben om sitt beslut att inte \u00e5terv\u00e4nda till laget. <\/p>\n<p class=\"\">Kontraktet mellan den schweiziska klubben och den 38-\u00e5rige svenske forwarden l\u00f6pte ut den 1 november 2025, efter att Omark hunnit spela femton matcher och noterats f\u00f6r elva po\u00e4ng.<\/p>\n<p class=\"\">Beslutet att inte skriva ett nytt avtal f\u00f6r resten av s\u00e4songen grundar sig helt p\u00e5 familjesk\u00e4l. Enligt Lugano ans\u00e5gs de skolalternativ som erbj\u00f6ds i Schweiz inte passa familjens d\u00f6ttrar.<\/p>\n<p class=\"\">Klubben tackar i sitt pressmeddelande Omark f\u00f6r hans engagemang, professionalitet och v\u00e4rdefulla bidrag till lagets utveckling sedan han ansl\u00f6t i slutet av september \u2013 och \u00f6nskar honom och familjen lycka till i framtiden.<\/p>\n<p>Kommentarer TopprankadeSenaste\u00c4ldstaTrendar<\/p>\n<p>Skaffa PLUS f\u00f6r att kommentera<\/p>\n<p>Med en aktiv PLUS-prenumeration kan du kommentera, svara p\u00e5 andra och gilla kommentarer.<\/p>\n<p><a class=\"btn-primary btn-small\" href=\"https:\/\/hockeynews.se\/plus\" rel=\"nofollow noopener\" target=\"_blank\">Skaffa PLUS<\/a><\/p>\n<p>Anv\u00e4nd koden NORR50 \u2013 f\u00e5 \u00e5rskortet f\u00f6r halva priset 349kr (ord pris 699kr). Fyll i NORR50 i sista steget. <a class=\"text-yellow underline font-bold\" href=\"https:\/\/hockeynews.se\/plus\" rel=\"nofollow noopener\" target=\"_blank\">Skaffa PLUS<\/a><\/p>\n<p>Halva priset p\u00e5 TV4 Play Sport Hockey \u2013 <a class=\"text-yellow underline\" href=\"https:\/\/www.tv4play.se\/kampanj\/hockeynewshockey\" rel=\"nofollow noopener\" target=\"_blank\">f\u00e5 kod med Hockeynews h\u00e4r!<\/a> (Annons)<\/p>\n<p><a class=\"text-yellow underline font-bold\" href=\"https:\/\/hockeynews.se\/app\" rel=\"nofollow noopener\" target=\"_blank\">H\u00e4mta Hockeynews app f\u00f6r iOS och Android<\/a> &#8211; gratis: nyheter, sp\u00e4nnande silly, unik inside, exklusiva intervjuer och matchrapporter fr\u00e5n alla ligor<\/p>\n","protected":false},"excerpt":{"rendered":"Det sv\u00e4nger snabbt runt Linus Omark. Nu st\u00e5r det klart att han inte kommer att \u00e5terv\u00e4nda till Schweiz,&hellip;\n","protected":false},"author":2,"featured_media":78133,"comment_status":"","ping_status":"","sticky":false,"template":"","format":"standard","meta":{"footnotes":""},"categories":[5],"tags":[22,23,26,27,17,21,24,25,28,29,15,16,18,34,31,33,32,30,19,20],"class_list":{"0":"post-78132","1":"post","2":"type-post","3":"status-publish","4":"format-standard","5":"has-post-thumbnail","7":"category-rubriker","8":"tag-breaking-news","9":"tag-breakingnews","10":"tag-featured-news","11":"tag-featurednews","12":"tag-headlines","13":"tag-huvudnyheter","14":"tag-latest-news","15":"tag-latestnews","16":"tag-main-news","17":"tag-mainnews","18":"tag-news","19":"tag-nyheter","20":"tag-rubriker","21":"tag-se","22":"tag-svenska","23":"tag-sverige","24":"tag-sweden","25":"tag-swedish","26":"tag-top-stories","27":"tag-topstories"},"share_on_mastodon":{"url":"https:\/\/pubeurope.com\/@se\/115532692425736905","error":""},"_links":{"self":[{"href":"https:\/\/www.europesays.com\/se\/wp-json\/wp\/v2\/posts\/78132","targetHints":{"allow":["GET"]}}],"collection":[{"href":"https:\/\/www.europesays.com\/se\/wp-json\/wp\/v2\/posts"}],"about":[{"href":"https:\/\/www.europesays.com\/se\/wp-json\/wp\/v2\/types\/post"}],"author":[{"embeddable":true,"href":"https:\/\/www.europesays.com\/se\/wp-json\/wp\/v2\/users\/2"}],"replies":[{"embeddable":true,"href":"https:\/\/www.europesays.com\/se\/wp-json\/wp\/v2\/comments?post=78132"}],"version-history":[{"count":0,"href":"https:\/\/www.europesays.com\/se\/wp-json\/wp\/v2\/posts\/78132\/revisions"}],"wp:featuredmedia":[{"embeddable":true,"href":"https:\/\/www.europesays.com\/se\/wp-json\/wp\/v2\/media\/78133"}],"wp:attachment":[{"href":"https:\/\/www.europesays.com\/se\/wp-json\/wp\/v2\/media?parent=78132"}],"wp:term":[{"taxonomy":"category","embeddable":true,"href":"https:\/\/www.europesays.com\/se\/wp-json\/wp\/v2\/categories?post=78132"},{"taxonomy":"post_tag","embeddable":true,"href":"https:\/\/www.europesays.com\/se\/wp-json\/wp\/v2\/tags?post=78132"}],"curies":[{"name":"wp","href":"https:\/\/api.w.org\/{rel}","templated":true}]}}