{"id":78184,"date":"2025-11-11T20:50:29","date_gmt":"2025-11-11T20:50:29","guid":{"rendered":"https:\/\/www.europesays.com\/se\/78184\/"},"modified":"2025-11-11T20:50:29","modified_gmt":"2025-11-11T20:50:29","slug":"vandningen-omark-atervander-inte-till-schweiz-2","status":"publish","type":"post","link":"https:\/\/www.europesays.com\/se\/78184\/","title":{"rendered":"V\u00e4ndningen: Omark \u00e5terv\u00e4nder inte till Schweiz"},"content":{"rendered":"<p><strong>\u201dAllting borde vara klart den h\u00e4r veckan\u201d.<br \/>Det var budskapet fr\u00e5n Lugano tidigare under dagen vad g\u00e4ller Linus Omarks framtid i klubben.<br \/>Nu st\u00e5r det klart att han inte \u00e5terv\u00e4nder.<\/strong><\/p>\n<p><img loading=\"lazy\" decoding=\"async\" width=\"1024\" height=\"683\" src=\"https:\/\/www.europesays.com\/se\/wp-content\/uploads\/2025\/11\/BB251009AM026-1024x683.webp.webp\" alt=\"\" class=\"wp-image-324417\"  \/>Linus Omark kommer inte \u00e5terv\u00e4nda till Lugano.<br \/>\nFoto: Bildbyr\u00e5n<\/p>\n<p>Tidigare under dagen gick <a href=\"https:\/\/hockeysverige.se\/spelare\/linus-omark\" rel=\"nofollow noopener\" target=\"_blank\">Linus Omark<\/a>s tidigare schweiziska klubb HC Lugano ut i tidningen <a href=\"https:\/\/www.blick.ch\/fr\/sport\/hockey\/national-league\/linus-omark-de-retour-a-lugano-cest-toujours-possible-id21412022.html?\" rel=\"nofollow noopener\" target=\"_blank\">Blick<\/a>. D\u00e5 var budskapet att det bara var detaljer ifr\u00e5n att Linus Omark skulle skriva ett nytt kontrakt \u2013 efter att hans f\u00f6rra kontrakt nyligen g\u00e5tt ut.<\/p>\n<p>\u2013\u00a0Just nu \u00e4r allting \u00f6ppet. Det handlar om skolavgifter f\u00f6r hans barn, allting borde vara klart den h\u00e4r veckan, ber\u00e4ttade sportchefen Janick Steinmann f\u00f6r tidningen d\u00e5.<\/p>\n<p>Klubbens besked: Omark \u00e5terv\u00e4nder inte<\/p>\n<p>Men s\u00e5 tidigt som senare samma dag har nu det slutgiltiga beskedet kring Omarks framtid kommit. Det var inte det v\u00e4ntade beskedet heller, f\u00f6r nu st\u00e5r det klart att Omark inte \u00e5terv\u00e4nder.<\/p>\n<p><a href=\"https:\/\/www.hclugano.ch\/en\/linus_omark_will_not_return_to_lugano.jspx2\" rel=\"nofollow noopener\" target=\"_blank\">Klubben bekr\u00e4ftar p\u00e5 sin hemsida<\/a> att det r\u00f6r sig om familjesk\u00e4l och att Omark inte ans\u00e5g att det hade g\u00e5tt att f\u00e5 till en optimal l\u00f6sning f\u00f6r hans familj med barn i skol\u00e5ldern. <\/p>\n<p><a href=\"https:\/\/hockeysverige.se\/klubb\/lulea-hockey\" rel=\"nofollow noopener\" target=\"_blank\">Lule\u00e5s<\/a> guldhj\u00e4lte fr\u00e5n i v\u00e5ras har tidigare under h\u00f6sten ryktats till <a href=\"https:\/\/hockeysverige.se\/klubb\/sodertalje-sk\" rel=\"nofollow noopener\" target=\"_blank\">S\u00f6dert\u00e4lje SK<\/a>.<\/p>\n","protected":false},"excerpt":{"rendered":"\u201dAllting borde vara klart den h\u00e4r veckan\u201d.Det var budskapet fr\u00e5n Lugano tidigare under dagen vad g\u00e4ller Linus Omarks&hellip;\n","protected":false},"author":2,"featured_media":78185,"comment_status":"","ping_status":"","sticky":false,"template":"","format":"standard","meta":{"footnotes":""},"categories":[5],"tags":[22,23,26,27,17,21,24,25,28,29,15,16,18,34,133,134,31,33,32,30,19,20],"class_list":{"0":"post-78184","1":"post","2":"type-post","3":"status-publish","4":"format-standard","5":"has-post-thumbnail","7":"category-rubriker","8":"tag-breaking-news","9":"tag-breakingnews","10":"tag-featured-news","11":"tag-featurednews","12":"tag-headlines","13":"tag-huvudnyheter","14":"tag-latest-news","15":"tag-latestnews","16":"tag-main-news","17":"tag-mainnews","18":"tag-news","19":"tag-nyheter","20":"tag-rubriker","21":"tag-se","22":"tag-second-news","23":"tag-shl","24":"tag-svenska","25":"tag-sverige","26":"tag-sweden","27":"tag-swedish","28":"tag-top-stories","29":"tag-topstories"},"share_on_mastodon":{"url":"https:\/\/pubeurope.com\/@se\/115533042477343888","error":""},"_links":{"self":[{"href":"https:\/\/www.europesays.com\/se\/wp-json\/wp\/v2\/posts\/78184","targetHints":{"allow":["GET"]}}],"collection":[{"href":"https:\/\/www.europesays.com\/se\/wp-json\/wp\/v2\/posts"}],"about":[{"href":"https:\/\/www.europesays.com\/se\/wp-json\/wp\/v2\/types\/post"}],"author":[{"embeddable":true,"href":"https:\/\/www.europesays.com\/se\/wp-json\/wp\/v2\/users\/2"}],"replies":[{"embeddable":true,"href":"https:\/\/www.europesays.com\/se\/wp-json\/wp\/v2\/comments?post=78184"}],"version-history":[{"count":0,"href":"https:\/\/www.europesays.com\/se\/wp-json\/wp\/v2\/posts\/78184\/revisions"}],"wp:featuredmedia":[{"embeddable":true,"href":"https:\/\/www.europesays.com\/se\/wp-json\/wp\/v2\/media\/78185"}],"wp:attachment":[{"href":"https:\/\/www.europesays.com\/se\/wp-json\/wp\/v2\/media?parent=78184"}],"wp:term":[{"taxonomy":"category","embeddable":true,"href":"https:\/\/www.europesays.com\/se\/wp-json\/wp\/v2\/categories?post=78184"},{"taxonomy":"post_tag","embeddable":true,"href":"https:\/\/www.europesays.com\/se\/wp-json\/wp\/v2\/tags?post=78184"}],"curies":[{"name":"wp","href":"https:\/\/api.w.org\/{rel}","templated":true}]}}