{"id":78213,"date":"2025-11-11T22:19:13","date_gmt":"2025-11-11T22:19:13","guid":{"rendered":"https:\/\/www.europesays.com\/se\/78213\/"},"modified":"2025-11-11T22:19:13","modified_gmt":"2025-11-11T22:19:13","slug":"brendan-shinnimin-malskytt-for-lulea-i-chl-i-sin-comeback","status":"publish","type":"post","link":"https:\/\/www.europesays.com\/se\/78213\/","title":{"rendered":"Brendan Shinnimin m\u00e5lskytt f\u00f6r Lule\u00e5 i CHL i sin comeback"},"content":{"rendered":"<p><strong>Brendan Shinnimin \u00e4r tillbaka i Lule\u00e5.<br \/>Efter att ha startat s\u00e4songen i Slovakien slog han till i comebacken \u2013 och hj\u00e4lpte Lule\u00e5 till en \u00f6vertygande seger i CHL.<br \/>Lule\u00e5 vann med 6\u20131 efter en galen tredje period.<\/strong><\/p>\n<p><img loading=\"lazy\" decoding=\"async\" width=\"1024\" height=\"658\" src=\"https:\/\/www.europesays.com\/se\/wp-content\/uploads\/2025\/11\/Nytt-projekt-1-1-1024x658.webp.webp\" alt=\"\" class=\"wp-image-324459\"  \/>Brendan Shinnimin slog till f\u00f6r Lule\u00e5.<br \/>\nFoto: Bildbyr\u00e5n<\/p>\n<p>Lule\u00e5s sv\u00e5ra s\u00e4songsstart har satt laget i en tuff situation i ligan och det \u00e4r en l\u00e5ng v\u00e4g till toppen f\u00f6r laget. Men de svenska m\u00e4starna \u00e4r p\u00e5 god v\u00e4g till kvartsfinal i Champions Hockey League efter en m\u00e4ktig kross mot tjeckiska Kometa Brno i Coop Norrbotten Arena. Efter en period ledde dock bortalaget Kometa Brno. Men i den andra perioden svarade Lule\u00e5 genom Anton Levtchi. <\/p>\n<p>Till den tredje perioden tvingades Kometa Brno till ett m\u00e5lvaktsbyte d\u00e5 Gasper Krosellj fick utg\u00e5. In kom i st\u00e4llet Jan Ondracek. 19-\u00e5ringens match blev en ren mardr\u00f6m, f\u00f6r p\u00e5 en period sl\u00e4ppte han in fem m\u00e5l n\u00e4r hemmalaget k\u00f6rde \u00f6ver tjeckerna fullst\u00e4ndigt. <\/p>\n<p>Stj\u00e4rnans starka comeback<\/p>\n<p>18-\u00e5rige William H\u00e5kansson gav <a href=\"https:\/\/hockeysverige.se\/klubb\/lulea-hockey\" rel=\"nofollow noopener\" target=\"_blank\">Lule\u00e5<\/a> ledningen och sedan rullade det bara p\u00e5. <\/p>\n<p>Brian O\u2019Neill gjorde 3\u20131 och spelade senare fram comebackande <a href=\"https:\/\/hockeysverige.se\/spelare\/brendan-shinnimin\" rel=\"nofollow noopener\" target=\"_blank\">Brendan Shinnimin<\/a> till 5\u20131. Efter en tids spel i Slovakien i b\u00f6rjan av s\u00e4songen \u00e4r han nu p\u00e5 plats i staden d\u00e4r han blev guldhj\u00e4lte i v\u00e5ras. D\u00e5 passade han allts\u00e5 p\u00e5 att visa upp sin b\u00e4sta sida.<\/p>\n<p>Innan matchen hann ta slut lyckades Pontus Sj\u00e4lin trycka in 6\u20131. <\/p>\n<p>Returm\u00f6tet v\u00e4ntar n\u00e4sta tisdag i Tjeckien, innan man i kvartsfinalen st\u00e4lls mot antingen tyska Bremerhaven eller finska Ilves.<\/p>\n","protected":false},"excerpt":{"rendered":"Brendan Shinnimin \u00e4r tillbaka i Lule\u00e5.Efter att ha startat s\u00e4songen i Slovakien slog han till i comebacken \u2013&hellip;\n","protected":false},"author":2,"featured_media":78214,"comment_status":"","ping_status":"","sticky":false,"template":"","format":"standard","meta":{"footnotes":""},"categories":[5],"tags":[22,23,1940,26,27,17,21,24,25,28,29,15,16,18,34,133,134,31,33,32,30,19,20],"class_list":{"0":"post-78213","1":"post","2":"type-post","3":"status-publish","4":"format-standard","5":"has-post-thumbnail","7":"category-rubriker","8":"tag-breaking-news","9":"tag-breakingnews","10":"tag-champions-hockey-league","11":"tag-featured-news","12":"tag-featurednews","13":"tag-headlines","14":"tag-huvudnyheter","15":"tag-latest-news","16":"tag-latestnews","17":"tag-main-news","18":"tag-mainnews","19":"tag-news","20":"tag-nyheter","21":"tag-rubriker","22":"tag-se","23":"tag-second-news","24":"tag-shl","25":"tag-svenska","26":"tag-sverige","27":"tag-sweden","28":"tag-swedish","29":"tag-top-stories","30":"tag-topstories"},"share_on_mastodon":{"url":"https:\/\/pubeurope.com\/@se\/115533392425552507","error":""},"_links":{"self":[{"href":"https:\/\/www.europesays.com\/se\/wp-json\/wp\/v2\/posts\/78213","targetHints":{"allow":["GET"]}}],"collection":[{"href":"https:\/\/www.europesays.com\/se\/wp-json\/wp\/v2\/posts"}],"about":[{"href":"https:\/\/www.europesays.com\/se\/wp-json\/wp\/v2\/types\/post"}],"author":[{"embeddable":true,"href":"https:\/\/www.europesays.com\/se\/wp-json\/wp\/v2\/users\/2"}],"replies":[{"embeddable":true,"href":"https:\/\/www.europesays.com\/se\/wp-json\/wp\/v2\/comments?post=78213"}],"version-history":[{"count":0,"href":"https:\/\/www.europesays.com\/se\/wp-json\/wp\/v2\/posts\/78213\/revisions"}],"wp:featuredmedia":[{"embeddable":true,"href":"https:\/\/www.europesays.com\/se\/wp-json\/wp\/v2\/media\/78214"}],"wp:attachment":[{"href":"https:\/\/www.europesays.com\/se\/wp-json\/wp\/v2\/media?parent=78213"}],"wp:term":[{"taxonomy":"category","embeddable":true,"href":"https:\/\/www.europesays.com\/se\/wp-json\/wp\/v2\/categories?post=78213"},{"taxonomy":"post_tag","embeddable":true,"href":"https:\/\/www.europesays.com\/se\/wp-json\/wp\/v2\/tags?post=78213"}],"curies":[{"name":"wp","href":"https:\/\/api.w.org\/{rel}","templated":true}]}}