{"id":78235,"date":"2025-11-11T22:57:22","date_gmt":"2025-11-11T22:57:22","guid":{"rendered":"https:\/\/www.europesays.com\/se\/78235\/"},"modified":"2025-11-11T22:57:22","modified_gmt":"2025-11-11T22:57:22","slug":"de-ovanliga-hoten-mot-usas-imperialistiska-hegemoni-i-karibien","status":"publish","type":"post","link":"https:\/\/www.europesays.com\/se\/78235\/","title":{"rendered":"De \u201dovanliga hoten\u201d mot USA:s imperialistiska hegemoni i Karibien"},"content":{"rendered":"<p>\n                    Det \u00e4r den dekoloniala och feministiska socialistiska revolutionen som skr\u00e4mmer vitmaktshavare i USA, skriver Juan Vel\u00e1squez Atehort\u00faa, universitetslektor vid G\u00f6teborgs universitet. H\u00e4r en demonstration mot USA:s inblandning i Venezuela. Foto: AP Photo\/Ariana Cubillos\n            <\/p>\n<p class=\"article__sublead\">M\u00e5nga analytiker och v\u00e4nsterfeminister menar att USA:s milit\u00e4ra kraftsamling runt Venezuelas vatten i Karibiska havet i grunden handlar om koloniala intressen och Venezuelas stora oljetillg\u00e5ngar. Men f\u00f6r att f\u00f6rst\u00e5 vad som egentligen utg\u00f6r det USA har kallat ett \u201dovanligt hot\u201d i Karibien kr\u00e4vs ett intersektionellt och dekolonialt perspektiv, skriver Juan Vel\u00e1squez Atehort\u00faa, lektor vid G\u00f6teborgs universitet.<\/p>\n<p class=\"article__paragraph\">Det \u00e4r intressant att fundera \u00f6ver vad USA r\u00e4knar som ett <a href=\"https:\/\/obamawhitehouse.archives.gov\/the-press-office\/2015\/03\/09\/fact-sheet-venezuela-executive-order\" rel=\"nofollow noopener\" target=\"_blank\">\u201dovanligt och extraordin\u00e4rt hot\u201d<\/a>, n\u00e5got landets tidigare president Barack Obama utf\u00e4rdade ett dekret om redan f\u00f6r tio \u00e5r sedan. Handlar det om USA:s efterhandskonstruktioner och milit\u00e4ra mobilisering med atomub\u00e5tar mot sm\u00e5 fiskare och langare, eller \u00e4r det kvinnomobiliseringen i Venezuelas bolivarianska revolution som \u00e4r hotet?\u00a0<\/p>\n<p class=\"article__paragraph\">Det verkliga \u201dhotet\u201d som Venezuela utg\u00f6r mot USA \u00e4r en gr\u00e4srotsrevolution med stort ledarskap av slumf\u00f6rorternas kvinnor, snarare \u00e4n olja eller mineraler. I Venezuela, det mest urbaniserade landet i Amerika, bygger dessa kvinnor och m\u00f6rkhyade m\u00e4nniskor, som tidigare f\u00f6rdrivits av den fossila utvinningsindustrin, politisk makt och v\u00e4lf\u00e4rd underifr\u00e5n. Hotet ligger i en f\u00f6rortsfeministisk och omsorgsbaserad v\u00e4lf\u00e4rdsstat\u2014ett perspektiv som f\u00f6rblir obegripligt och osynligt f\u00f6r dem med koloniala och materiellt fokuserade vita v\u00e4rderingar.<\/p>\n<p>Illegala avr\u00e4ttningar i Karibien<\/p>\n<p class=\"article__paragraph\">Venezuelas antirasistiska och feministiska sj\u00e4lvorganiseringsmodell sprids till andra l\u00e4nder i regionen. S\u00e4rskilt till grannen Colombia som med president <strong>Gustavo Petro<\/strong> v\u00e4ckte USA:s vrede n\u00e4r hans maskulinitet avsteg fr\u00e5n Trumps krav p\u00e5 underkastelse. P\u00e5 FN:s generalf\u00f6rsamling och p\u00e5 en Palestinademonstration utanf\u00f6r FN-skrapan i september i \u00e5r varnade Petro f\u00f6r att USA:s Palestinapolitik skulle iscens\u00e4ttas mot oss alla.\u00a0<\/p>\n<p class=\"article__paragraph\">Han anklagade Trump och Pentagon f\u00f6r illegala avr\u00e4ttningar av karibiska fiskare och bad USA:s milit\u00e4r om olydnad om de skickades att anfalla m\u00e4nskligheten. Han noterade att USA:s milit\u00e4ra n\u00e4rvaro i Karibien inte syftar till att bek\u00e4mpa narkotika utan att s\u00e4kra Venezuelas olja. Trump slog tillbaka genom att \u00e5terkalla Petros visum och anklagade honom grundl\u00f6st f\u00f6r att ligga bakom Colombias \u00f6kade kokainproduktion. Petro blev d\u00e4refter \u00e4ven placerad p\u00e5 USA:s finansdepartement \u00f6ver misst\u00e4nkta knarkmaffiamedlemmar (\u00e4ven kallad Clintons lista).\u00a0<\/p>\n<p><img decoding=\"async\" src=\"https:\/\/www.europesays.com\/se\/wp-content\/uploads\/2025\/11\/sdlo1DPHoxxVyg-nh.jpg\" class=\"article__figure-image lazyload\"\/>En av de som har d\u00f6dats i USA:s attacker \u00e4r fiskaren Robert S\u00e1nchez fr\u00e5n byn G\u00fciria. Enligt hans familj dr\u00f6mde han om att spara tillr\u00e4ckligt med pengar f\u00f6r att k\u00f6pa en egen b\u00e5t och att jobba f\u00f6r sig sj\u00e4lv ist\u00e4llet f\u00f6r andra, enligt ett reportage av nyhetsbyr\u00e5n AP. Illustration: AP Illustration\/Peter Hamlin<\/p>\n<p>Colombia ytterligare ett \u201dovanligt hot\u201d<\/p>\n<p class=\"article__paragraph\">Parallellt med denna maskulina kraftm\u00e4tning genomf\u00f6rdes internvalet i Colombia till <a href=\"https:\/\/fempers.se\/2022\/2022-06-21\/historisk-valseger-i-colombia\/\" rel=\"nofollow noopener\" target=\"_blank\">den allians som kallar sig P\u00e1cto hist\u00f3rico \u2013 historisk pakt<\/a> \u2013 f\u00f6r att utse kandidater till kongressen och presidentvalet n\u00e4sta \u00e5r. <strong>Iv\u00e1n Cepeda<\/strong> vann m\u00e4tningen om att bli kandidat till Petros eftertr\u00e4dare. Hans f\u00f6rslag om en etisk revolution utg\u00e5r fr\u00e5n kvinnor\u00f6relsens kamp f\u00f6r paramilitarismens offer, och ses som favorit f\u00f6r n\u00e4sta \u00e5rs presidentval. Ut\u00f6ver det, den demokratiskt framtagna listan med kandidater till kongressen ger v\u00e4nstern stora chanser att f\u00e5 egen majoritet i kongressen denna g\u00e5ng. Med en s\u00e5dan supervinst inom r\u00e4ckh\u00e5ll kan Colombia forts\u00e4tta p\u00e5 samma ifr\u00e5gas\u00e4ttande linje som p\u00e5b\u00f6rjades av Petro, vilket g\u00f6r att Colombia blir ytterligare ett \u201dovanligt hot\u201d mot USA:s kontinentala intressen och dominans.<\/p>\n<p class=\"article__paragraph\">Den p\u00e5g\u00e5ende avkoloniserande v\u00e4ndningen i Colombia inneb\u00e4r att landet inte l\u00e4ngre blir ett brohuvud f\u00f6r invasioner, utan en storasyster f\u00f6r Venezuelas folk, en ledande motor inom det regionala\u00a0 samarbetet Gemenskapen f\u00f6r Latinamerikas och Karibiens stater, CELAC, och f\u00f6r kontinentens enande p\u00e5 v\u00e4g mot klimatomst\u00e4llning. Det verkliga hotet mot USA:s dominans uppst\u00e5r n\u00e4r en kvinnodriven gr\u00e4srotsdemokrati i Venezuela m\u00f6ter etisk revolution i Colombia och folkets kamp f\u00f6r r\u00e4ttvisa och gottg\u00f6relse. Den machokultur som regerade landet med narko-paramilitarismen och som tillskrivs latinamerikanska och karibiska ledare i Hollywood \u00e4r starkt ifr\u00e5gasatt.<\/p>\n<p>Feministisk antiimperialism\u00a0<\/p>\n<p class=\"article__paragraph\">Revolution\u00e4ra folkuppbrott v\u00e4vs samman fr\u00e5n Mexiko, Brasilien, Chile och Uruguay. Dessa v\u00e4xer fram i p\u00e5g\u00e5ende demonstrationer i Peru, Ecuador och snart i Argentina. Hotet mot USA:s hegemoni handlar inte om kontroll \u00f6ver r\u00e5varor som olja\u2014utan om framv\u00e4xten av nya maskuliniteter som inte underkastar sig USA:s imperiala ledarskap och som fr\u00e4mjar solidaritet mellan kontinentens folk.<\/p>\n<p class=\"article__paragraph\">Nya maskuliniteter reser sig mot kolonialismens, nyliberalismens, homofobins, kvinnofientlighetens och rasismens mardr\u00f6m. M\u00e4nniskor ser varandra i \u00f6gonen under paroller som \u201dendast folket r\u00e4ddar folket\u201d och g\u00f6r motst\u00e5nd \u201dtills v\u00e4rdighet blir vardag\u201d. Det \u00e4r den dekoloniala och feministiska socialistiska revolutionen som skr\u00e4mmer vitmaktshavare i USA. Kanske \u00e4r detta som vi beh\u00f6ver tala om: hur feministisk antiimperialism g\u00f6rs i Latinamerika och Karibien \u2014 f\u00f6r samma f\u00f6r\u00e4ndring spirar nu \u00e4ven ur Trumpismens fall i USA. Detta \u00e4r synnerligen det sanna \u201dovanliga hotet\u201d mot USA:s dominans p\u00e5 kontinenten.<\/p>\n<p class=\"article__paragraph\"><strong>Juan Vel\u00e1squez Atehort\u00faa<\/strong>, video-aRtivist och Universitetslektor vid G\u00f6teborgs universitet\u00a0<\/p>\n","protected":false},"excerpt":{"rendered":"Det \u00e4r den dekoloniala och feministiska socialistiska revolutionen som skr\u00e4mmer vitmaktshavare i USA, skriver Juan Vel\u00e1squez Atehort\u00faa, universitetslektor&hellip;\n","protected":false},"author":2,"featured_media":78236,"comment_status":"","ping_status":"","sticky":false,"template":"","format":"standard","meta":{"footnotes":""},"categories":[14],"tags":[22,23,6885,26,27,17,21,6886,24,25,28,29,15,16,18,34,31,33,32,30,19,20,74,51,2545,52,53,54],"class_list":{"0":"post-78235","1":"post","2":"type-post","3":"status-publish","4":"format-standard","5":"has-post-thumbnail","7":"category-varlden","8":"tag-breaking-news","9":"tag-breakingnews","10":"tag-dekolonialism","11":"tag-featured-news","12":"tag-featurednews","13":"tag-headlines","14":"tag-huvudnyheter","15":"tag-kolonialism","16":"tag-latest-news","17":"tag-latestnews","18":"tag-main-news","19":"tag-mainnews","20":"tag-news","21":"tag-nyheter","22":"tag-rubriker","23":"tag-se","24":"tag-svenska","25":"tag-sverige","26":"tag-sweden","27":"tag-swedish","28":"tag-top-stories","29":"tag-topstories","30":"tag-usa","31":"tag-varlden","32":"tag-venezuela","33":"tag-world","34":"tag-world-news","35":"tag-worldnews"},"share_on_mastodon":{"url":"https:\/\/pubeurope.com\/@se\/115533541844188938","error":""},"_links":{"self":[{"href":"https:\/\/www.europesays.com\/se\/wp-json\/wp\/v2\/posts\/78235","targetHints":{"allow":["GET"]}}],"collection":[{"href":"https:\/\/www.europesays.com\/se\/wp-json\/wp\/v2\/posts"}],"about":[{"href":"https:\/\/www.europesays.com\/se\/wp-json\/wp\/v2\/types\/post"}],"author":[{"embeddable":true,"href":"https:\/\/www.europesays.com\/se\/wp-json\/wp\/v2\/users\/2"}],"replies":[{"embeddable":true,"href":"https:\/\/www.europesays.com\/se\/wp-json\/wp\/v2\/comments?post=78235"}],"version-history":[{"count":0,"href":"https:\/\/www.europesays.com\/se\/wp-json\/wp\/v2\/posts\/78235\/revisions"}],"wp:featuredmedia":[{"embeddable":true,"href":"https:\/\/www.europesays.com\/se\/wp-json\/wp\/v2\/media\/78236"}],"wp:attachment":[{"href":"https:\/\/www.europesays.com\/se\/wp-json\/wp\/v2\/media?parent=78235"}],"wp:term":[{"taxonomy":"category","embeddable":true,"href":"https:\/\/www.europesays.com\/se\/wp-json\/wp\/v2\/categories?post=78235"},{"taxonomy":"post_tag","embeddable":true,"href":"https:\/\/www.europesays.com\/se\/wp-json\/wp\/v2\/tags?post=78235"}],"curies":[{"name":"wp","href":"https:\/\/api.w.org\/{rel}","templated":true}]}}