{"id":78267,"date":"2025-11-12T01:10:26","date_gmt":"2025-11-12T01:10:26","guid":{"rendered":"https:\/\/www.europesays.com\/se\/78267\/"},"modified":"2025-11-12T01:10:26","modified_gmt":"2025-11-12T01:10:26","slug":"falldes-for-tag-i-armen-frikanns-av-hovratten","status":"publish","type":"post","link":"https:\/\/www.europesays.com\/se\/78267\/","title":{"rendered":"F\u00e4lldes f\u00f6r \u201dtag i armen\u201d \u2013 frik\u00e4nns av hovr\u00e4tten"},"content":{"rendered":"<p>                                    <img decoding=\"async\" src=\"https:\/\/www.europesays.com\/se\/wp-content\/uploads\/2025\/11\/korridor-hovratt-dom.jpg\" alt=\"\" loading=\"lazy\"\/><\/p>\n<p>                                    Foto: Bildbyr\u00e5n<\/p>\n<p class=\"article-headerImageDescription\">Skolassistenten f\u00e4lldes av tingsr\u00e4tten f\u00f6r att ta tagit tag i armen p\u00e5 en elev. Nu frias hon av hovr\u00e4tten. Skolan p\u00e5 bilden har inget samband med artikeln.<\/p>\n<p class=\"article-preamble\">\n                        Arbetsmilj\u00f6<br \/>\n                        En skolassistent ingrep i ett tumult och ledde en uppr\u00f6rd elva\u00e5ring till rektorn. <br \/>Hon \u00e5talades f\u00f6r misshandel och f\u00e4lldes av tingsr\u00e4tten.<br \/>Nu frik\u00e4nns hon av hovr\u00e4tten.\n                    <\/p>\n<p>                    <img loading=\"lazy\" decoding=\"async\" class=\"article-bylineImg\" src=\"https:\/\/www.europesays.com\/se\/wp-content\/uploads\/2025\/11\/jan-huss.jpeg\" width=\"100\" height=\"100\" alt=\"\"\/><\/p>\n<p>Ett br\u00e5k under ett schackspel mellan tv\u00e5 mellanstadieelever har avgjorts av hovr\u00e4tten f\u00f6r \u00f6vre Norrland.<\/p>\n<p>Tumultet, d\u00e4r den ena schackspelaren, en elva\u00e5ring, knuffade sin motspelare \u00f6ver en soffa och in i ett element har \u00e4ven satt fr\u00e5gan om hur l\u00e4rare och andra skolanst\u00e4llda f\u00e5r ingripa.<\/p>\n<p>Skollagen ger sedan 2022 personalen r\u00e4tt att ingripa fysiskt f\u00f6r att avv\u00e4rja v\u00e5ld och kr\u00e4nkningar \u2013 f\u00f6rutsatt att ingripandet st\u00e5r i rimlig proportion.<\/p>\n<p>\u201dOproportionerligt mycket v\u00e5ld\u201d<\/p>\n<p>Skolassistenten tog ett stadigt tag runt elva\u00e5ringens arm och f\u00f6rde honom genom en korridor och uppf\u00f6r en trappa mot rektorns kontor. En str\u00e4cka p\u00e5 40 meter. Eleven var arg, \u201d\u2026i princip i affekt\u201d och f\u00f6rs\u00f6kte komma loss fr\u00e5n greppet. Sm\u00e4rta och rodnad uppstod.<\/p>\n<p>Oproportionerligt mycket v\u00e5ld, ans\u00e5g tingsr\u00e4tten. Eftersom eleven efter knuffen inte hade f\u00f6r avsikt att forts\u00e4tta sl\u00e5ss borde skolassistenten i st\u00e4llet ha f\u00f6rs\u00f6kt prata med eleven och f\u00e4llde d\u00e4rf\u00f6r skolassistenten f\u00f6r ringa misshandel till 60 dagsb\u00f6ter.<\/p>\n<p>\u00d6verklagades till hovr\u00e4tten<\/p>\n<p>Domen \u00f6verklagades till hovr\u00e4tten som efter att ha l\u00e4st handlingarna fr\u00e5n tingsr\u00e4tten kom fram till att skolassistenten f\u00f6rvisso borde ha provat alternativ till v\u00e5ld, men \u00e4nd\u00e5 agerat inom skollagens r\u00e5m\u00e4rken, och friade den \u00e5talade.<\/p>\n<p>                            <img decoding=\"async\" src=\"https:\/\/www.europesays.com\/se\/wp-content\/uploads\/2025\/11\/mikael-kindbom-portratt.jpg\" width=\"237\" loading=\"lazy\"\/><\/p>\n<p class=\"figure-description\">Mikael Kindbom.<\/p>\n<p>Domen har analyserats av Mikael Kindbom, jurist och chefredakt\u00f6r p\u00e5 juridiska nyhetsbyr\u00e5n <a href=\"https:\/\/www.lexnova.se\/\" target=\"_blank\" rel=\"noopener nofollow\">Lexnova<\/a>, och han anser att hovr\u00e4ttsdomen borde \u00f6verklagas till H\u00f6gsta domstolen eftersom den inte \u00e4r tillr\u00e4ckligt klarg\u00f6rande f\u00f6r vad som g\u00e4ller.<\/p>\n<p>\u2013 Det \u00e4r ett problem att hovr\u00e4tten v\u00e4ljer att fria genom att h\u00e4vda att h\u00e4ndelsen skett hastigt, bara orsakat lite skada och sm\u00e4rta men samtidigt h\u00e4vda att den \u00e5talade borde ha anv\u00e4nt alternativa metoder.<\/p>\n<p>Tydligare lag f\u00f6r att ingripa<\/p>\n<p>2022 \u00e4ndrades skollagen f\u00f6r att tydligare beskriva hur skolpersonal f\u00e5r ingripa. Fram till \u00e4ndringen g\u00e4llde i huvudsak samma regler som f\u00f6r vem som helst i enlighet med Brottsbalkens skrivningar om n\u00f6dv\u00e4rn och envarsgripande.<\/p>\n<p>Efter \u00e4ndringen har skolpersonal st\u00f6rre r\u00e4tt att ingripa fysiskt f\u00f6r att avv\u00e4rja fara, slagsm\u00e5l, vandalisering eller att eleven skadar sig sj\u00e4lv eller andra.<\/p>\n<p>\u2013 S\u00e4ttet som domen \u00e4r formulerad p\u00e5 och eftersom det \u00e4r s\u00e5 ovanligt att hovr\u00e4tterna \u00e4ndrar s\u00e5dana h\u00e4r fall d\u00e4r skollagen st\u00e4lls mot vanliga straffr\u00e4ttsliga lagar borde det finnas ett intresse f\u00f6r riks\u00e5klagaren att l\u00e5ta H\u00f6gsta domstolen titta p\u00e5 det, s\u00e4ger Mikael Kindbom.<\/p>\n<p>Os\u00e4kert med brist p\u00e5 domar<\/p>\n<p>Bristen p\u00e5 domar g\u00f6r vardagen os\u00e4ker f\u00f6r skolpersonal, menar Mikael Kindbom.<\/p>\n<p>\u2013 Efter att skollagen skrevs om 2022 saknas praxis i egentlig mening och \u00e4ven det \u00e4r en anledning till att H\u00f6gsta domstolen borde vara intresserade. \u00c4ven om hovr\u00e4tternas domar anv\u00e4nds som riktlinje f\u00f6r tingsr\u00e4tterna s\u00e5 \u00e4r deras domar mer r\u00e5dgivande \u00e4n prejudicerande.<\/p>\n<p>Vi L\u00e4rare har kontaktat \u00c5sa Jonsson, chefs\u00e5klagare i Ume\u00e5, men hon har inte f\u00f6r avsikt att \u00f6verklaga domen. En fr\u00e5ga om \u00f6verpr\u00f6vning ligger d\u00e4rf\u00f6r helt i h\u00e4nderna p\u00e5 riks\u00e5klagaren.<\/p>\n<p><strong>L\u00c4S MER:<\/strong><\/p>\n<p><a title=\"Juristen: D\u00e5 f\u00e5r l\u00e4rare ingripa \u2013 enligt skollagen\" href=\"https:\/\/www.vilarare.se\/nyheter\/vald-i-skolan\/juristen-da-far-larare-ingripa--enligt-skollagen\/\" rel=\"nofollow noopener\" target=\"_blank\">Juristen: D\u00e5 f\u00e5r l\u00e4rare ingripa \u2013 enligt skollagen<\/a><\/p>\n<p><a title=\"Attackerade l\u00e4raren k\u00f6ps ut av kommunen \u2013 f\u00e5r 800 000 kr\" href=\"https:\/\/www.vilarare.se\/nyheter\/vald-i-skolan\/attackerade-lararen-kops-ut-av-kommunen\/\" rel=\"nofollow noopener\" target=\"_blank\">Attackerade l\u00e4raren k\u00f6ps ut av kommunen \u2013 f\u00e5r 800 000 kr<\/a><\/p>\n<p><a title=\"Beslut av JO: Rektor kr\u00e4nkte l\u00e4rares yttrandefrihet\" href=\"https:\/\/www.vilarare.se\/nyheter\/juridik\/rektorn-ifragasatte-lararens-lojalitet--brot-mot-grundlag\/\" rel=\"nofollow noopener\" target=\"_blank\">Beslut av JO: Rektor kr\u00e4nkte l\u00e4rares yttrandefrihet<\/a><\/p>\n","protected":false},"excerpt":{"rendered":"Foto: Bildbyr\u00e5n Skolassistenten f\u00e4lldes av tingsr\u00e4tten f\u00f6r att ta tagit tag i armen p\u00e5 en elev. Nu frias&hellip;\n","protected":false},"author":2,"featured_media":78268,"comment_status":"","ping_status":"","sticky":false,"template":"","format":"standard","meta":{"footnotes":""},"categories":[12],"tags":[22,23,26,27,17,21,24,25,28,29,15,16,18,34,31,33,32,30,19,20],"class_list":{"0":"post-78267","1":"post","2":"type-post","3":"status-publish","4":"format-standard","5":"has-post-thumbnail","7":"category-sverige","8":"tag-breaking-news","9":"tag-breakingnews","10":"tag-featured-news","11":"tag-featurednews","12":"tag-headlines","13":"tag-huvudnyheter","14":"tag-latest-news","15":"tag-latestnews","16":"tag-main-news","17":"tag-mainnews","18":"tag-news","19":"tag-nyheter","20":"tag-rubriker","21":"tag-se","22":"tag-svenska","23":"tag-sverige","24":"tag-sweden","25":"tag-swedish","26":"tag-top-stories","27":"tag-topstories"},"share_on_mastodon":{"url":"https:\/\/pubeurope.com\/@se\/115534064928108090","error":""},"_links":{"self":[{"href":"https:\/\/www.europesays.com\/se\/wp-json\/wp\/v2\/posts\/78267","targetHints":{"allow":["GET"]}}],"collection":[{"href":"https:\/\/www.europesays.com\/se\/wp-json\/wp\/v2\/posts"}],"about":[{"href":"https:\/\/www.europesays.com\/se\/wp-json\/wp\/v2\/types\/post"}],"author":[{"embeddable":true,"href":"https:\/\/www.europesays.com\/se\/wp-json\/wp\/v2\/users\/2"}],"replies":[{"embeddable":true,"href":"https:\/\/www.europesays.com\/se\/wp-json\/wp\/v2\/comments?post=78267"}],"version-history":[{"count":0,"href":"https:\/\/www.europesays.com\/se\/wp-json\/wp\/v2\/posts\/78267\/revisions"}],"wp:featuredmedia":[{"embeddable":true,"href":"https:\/\/www.europesays.com\/se\/wp-json\/wp\/v2\/media\/78268"}],"wp:attachment":[{"href":"https:\/\/www.europesays.com\/se\/wp-json\/wp\/v2\/media?parent=78267"}],"wp:term":[{"taxonomy":"category","embeddable":true,"href":"https:\/\/www.europesays.com\/se\/wp-json\/wp\/v2\/categories?post=78267"},{"taxonomy":"post_tag","embeddable":true,"href":"https:\/\/www.europesays.com\/se\/wp-json\/wp\/v2\/tags?post=78267"}],"curies":[{"name":"wp","href":"https:\/\/api.w.org\/{rel}","templated":true}]}}