{"id":78277,"date":"2025-11-12T03:05:16","date_gmt":"2025-11-12T03:05:16","guid":{"rendered":"https:\/\/www.europesays.com\/se\/78277\/"},"modified":"2025-11-12T03:05:16","modified_gmt":"2025-11-12T03:05:16","slug":"analys-elva-ar-efter-is-folkmord-pa-yazidier-kvinnor-och-barn-halls-fortfarande-som-slavar","status":"publish","type":"post","link":"https:\/\/www.europesays.com\/se\/78277\/","title":{"rendered":"Analys: Elva \u00e5r efter IS folkmord p\u00e5 yazidier: \u201dKvinnor och barn h\u00e5lls fortfarande som slavar\u201d"},"content":{"rendered":"<p>I f\u00f6rra veckan h\u00e4nde det igen. Tv\u00e5 kvinnor som kidnappats och s\u00e5lts som slavar av IS r\u00e4ddades efter elva \u00e5r i f\u00e5ngenskap och kunde \u00e5terv\u00e4nda till Irak. <\/p>\n<p>Vid en presskonferens i Duhok i norra Irak i onsdags ber\u00e4ttade chefen f\u00f6r R\u00e4ddningskontoret f\u00f6r kidnappade yazidier att de tv\u00e5 kvinnorna varit 10 och 15 \u00e5r gamla n\u00e4r de r\u00f6vades bort av IS.<\/p>\n<p>Mer \u00e4n ett decennium efter IS folkmord p\u00e5 yazidier p\u00e5g\u00e5r fortfarande s\u00f6kandet efter drygt 2500 kvinnor och barn.<\/p>\n<p>R\u00e4tteg\u00e5ngen mot 52-\u00e5riga Lina Ishaq fr\u00e5n Halmstad f\u00f6ljdes av medier i hela v\u00e4rlden. F\u00f6r de som drabbades av IS brott mot yazidierna \u00e4r domen mot henne kanske mest en symbol. De flesta \u00f6verlevande lever i t\u00e4ltl\u00e4ger och har fortfarande inte kunnat \u00e5terv\u00e4nda till sina hem.<\/p>\n<p>Reste till IS 2013<\/p>\n<p>N\u00e4r Ishaq reste till den Islamiska staten 2013 hade slakten bara b\u00f6rjat. Under det kommande \u00e5ret lade terroristerna under sig stora landomr\u00e5den i Irak och Syrien. I augusti 2014 intog de Sinjar d\u00e4r yazidierna levt i \u00e5rhundraden. M\u00e4nnen d\u00f6dades, kvinnor och barn f\u00f6rdes bort och s\u00e5ldes p\u00e5 IS slavmarknader.<\/p>\n<p>I r\u00e4ttssalen i Stockholm f\u00f6rklarade \u00e5klagaren hur Ishaq fotograferat sina offer inf\u00f6r f\u00f6rs\u00e4ljning. En trebarnsmamma som h\u00f6lls i f\u00e5ngenskap i Ishaqs hem i Raqqa separerades fr\u00e5n sina tv\u00e5 \u00e4ldsta barn. Sonen skulle tr\u00e4nas till att bli barnsoldat i kalifatet, dottern s\u00e5ldes vidare flera g\u00e5nger. <\/p>\n<p>M\u00e5nga av de yazidier vi intervjuade i dokument\u00e4ren Kalifatets slavar sa samma sak: Att de en dag vill m\u00f6ta sina f\u00f6r\u00f6vare i en r\u00e4ttssal och se dem i \u00f6gonen. Utredare p\u00e5 plats i Irak samlade in vittnesm\u00e5l och f\u00f6ljde sp\u00e5ren till Sverige i samarbete med den svenska \u00e5klagaren.<\/p>\n<p>Fem hundra mil fr\u00e5n Sinjar fastslog idag hovr\u00e4tten tingsr\u00e4ttens dom n\u00e4r Ishaq d\u00f6mdes f\u00f6r folkmord, krigsbrott och brott mot m\u00e4nskligheten. <\/p>\n<p>Samtidigt forts\u00e4tter s\u00f6kandet efter de som f\u00f6rdes bort och fortfarande lever. <\/p>\n","protected":false},"excerpt":{"rendered":"I f\u00f6rra veckan h\u00e4nde det igen. Tv\u00e5 kvinnor som kidnappats och s\u00e5lts som slavar av IS r\u00e4ddades efter&hellip;\n","protected":false},"author":2,"featured_media":78278,"comment_status":"","ping_status":"","sticky":false,"template":"","format":"standard","meta":{"footnotes":""},"categories":[12],"tags":[22,23,26,27,17,21,24,25,28,29,15,16,18,34,31,33,32,30,19,20],"class_list":{"0":"post-78277","1":"post","2":"type-post","3":"status-publish","4":"format-standard","5":"has-post-thumbnail","7":"category-sverige","8":"tag-breaking-news","9":"tag-breakingnews","10":"tag-featured-news","11":"tag-featurednews","12":"tag-headlines","13":"tag-huvudnyheter","14":"tag-latest-news","15":"tag-latestnews","16":"tag-main-news","17":"tag-mainnews","18":"tag-news","19":"tag-nyheter","20":"tag-rubriker","21":"tag-se","22":"tag-svenska","23":"tag-sverige","24":"tag-sweden","25":"tag-swedish","26":"tag-top-stories","27":"tag-topstories"},"share_on_mastodon":{"url":"https:\/\/pubeurope.com\/@se\/115534516960233566","error":""},"_links":{"self":[{"href":"https:\/\/www.europesays.com\/se\/wp-json\/wp\/v2\/posts\/78277","targetHints":{"allow":["GET"]}}],"collection":[{"href":"https:\/\/www.europesays.com\/se\/wp-json\/wp\/v2\/posts"}],"about":[{"href":"https:\/\/www.europesays.com\/se\/wp-json\/wp\/v2\/types\/post"}],"author":[{"embeddable":true,"href":"https:\/\/www.europesays.com\/se\/wp-json\/wp\/v2\/users\/2"}],"replies":[{"embeddable":true,"href":"https:\/\/www.europesays.com\/se\/wp-json\/wp\/v2\/comments?post=78277"}],"version-history":[{"count":0,"href":"https:\/\/www.europesays.com\/se\/wp-json\/wp\/v2\/posts\/78277\/revisions"}],"wp:featuredmedia":[{"embeddable":true,"href":"https:\/\/www.europesays.com\/se\/wp-json\/wp\/v2\/media\/78278"}],"wp:attachment":[{"href":"https:\/\/www.europesays.com\/se\/wp-json\/wp\/v2\/media?parent=78277"}],"wp:term":[{"taxonomy":"category","embeddable":true,"href":"https:\/\/www.europesays.com\/se\/wp-json\/wp\/v2\/categories?post=78277"},{"taxonomy":"post_tag","embeddable":true,"href":"https:\/\/www.europesays.com\/se\/wp-json\/wp\/v2\/tags?post=78277"}],"curies":[{"name":"wp","href":"https:\/\/api.w.org\/{rel}","templated":true}]}}