{"id":78333,"date":"2025-11-12T05:34:24","date_gmt":"2025-11-12T05:34:24","guid":{"rendered":"https:\/\/www.europesays.com\/se\/78333\/"},"modified":"2025-11-12T05:34:24","modified_gmt":"2025-11-12T05:34:24","slug":"molly-sandens-ord-om-otroheten-gav-igen","status":"publish","type":"post","link":"https:\/\/www.europesays.com\/se\/78333\/","title":{"rendered":"Molly Sand\u00e9ns ord om otroheten: \u201dGav igen\u201d"},"content":{"rendered":"<p>Publicerad 12 nov 2025 kl 06.15Uppdaterad kl 06.26<\/p>\n<p>N\u00e4r Molly Sand\u00e9n st\u00e4lls mot v\u00e4gen i SVT:s \u201dFr\u00e5gan \u00e4r fri\u201d f\u00e5r hon fr\u00e5gor om otrohet.\u00a0<\/p>\n<p>D\u00e5 erk\u00e4nner artisten att hon varit otrogen.\u00a0<\/p>\n<p>\u2013 Jag tror liksom att jag gav igen lite grann, s\u00e4ger Sand\u00e9n i programmet.\u00a0<\/p>\n<p>Senaste klippen fr\u00e5n Expressen inom n\u00f6je.<img   alt=\"\"\/><\/p>\n<p>Artisten Molly Sand\u00e9n st\u00e4lls mot v\u00e4ggen i \u201dFr\u00e5gan \u00e4r fri\u201d.<\/p>\n<p>Foto: HANNA BRUNL\u00d6F<\/p>\n<p>\u00d6ppna bild i helsk\u00e4rm<\/p>\n<p>I SVT-programmet \u201dFr\u00e5gan \u00e4r fri\u201d intervjuas k\u00e4nda svenskar av reportrar p\u00e5 autismspektrumet eller med intellektuell funktionsneds\u00e4ttning. I veckans avsnitt \u00e4r det artisten <a href=\"https:\/\/www.expressen.se\/tagg\/person\/molly-sanden\/\" class=\"\" rel=\"nofollow noopener\" target=\"_blank\">Molly Sand\u00e9n<\/a> som f\u00e5r sitta i heta stolen.\u00a0<\/p>\n<p>En ung man i gul T-shirt st\u00e4ller sig upp och levererar en k\u00e4nslig fr\u00e5ga:<\/p>\n<p>\u2013 Har du varit otrogen n\u00e5gon g\u00e5ng? fr\u00e5gar han.\u00a0<\/p>\n<p>Sand\u00e9n tar n\u00e5gra sekunder till att t\u00e4nka och ger sedan ett \u00e4rligt svar:<\/p>\n<p>\u2013 Ja, tyv\u00e4rr.<\/p>\n<p>Molly Sand\u00e9n: \u201dMan \u00e4r m\u00e4nniska\u201d<\/p>\n<p>Reportern fr\u00e5gar vem personen \u00e4r, men f\u00e5r inget svar fr\u00e5n Molly Sand\u00e9n. I st\u00e4llet forts\u00e4tter hon med en f\u00f6rklaring till otroheten.\u00a0<\/p>\n<p>\u2013 Jag tror liksom att jag gav igen lite grann. S\u00e5. Och det sk\u00e4ms jag j\u00e4ttemycket f\u00f6r, s\u00e4ger artisten.<\/p>\n<p>En annan person fr\u00e5gar d\u00e5 om Sand\u00e9n hade kunnat vara otrogen igen, i dag, varp\u00e5 artisten svarar att hon inte tror det.\u00a0<\/p>\n<p>\u2013 Men sen vet jag att man \u00e4r m\u00e4nniska och det &#8230; Men ja, det korta svaret \u00e4r: Nej, det kommer jag aldrig vara.\u00a0<\/p>\n<p><img loading=\"lazy\"   alt=\"\"\/><\/p>\n<p>I \u201dFr\u00e5gan \u00e4r fri\u201d f\u00e5r Molly Sand\u00e9n fr\u00e5gor om otrohet.<\/p>\n<p>Foto: SVT<\/p>\n<p>\u00d6ppna bild i helsk\u00e4rm<img loading=\"lazy\"   alt=\"\"\/><\/p>\n<p>D\u00e5 erk\u00e4nner artisten att hon varit otrogen.<\/p>\n<p>Foto: SVT<\/p>\n<p>\u00d6ppna bild i helsk\u00e4rm<img loading=\"lazy\"   alt=\"\"\/><\/p>\n<p>Hon s\u00e4ger att hon sk\u00e4ms \u00f6ver det.<\/p>\n<p>Foto: SVT<\/p>\n<p>\u00d6ppna bild i helsk\u00e4rm<\/p>\n","protected":false},"excerpt":{"rendered":"Publicerad 12 nov 2025 kl 06.15Uppdaterad kl 06.26 N\u00e4r Molly Sand\u00e9n st\u00e4lls mot v\u00e4gen i SVT:s \u201dFr\u00e5gan \u00e4r&hellip;\n","protected":false},"author":2,"featured_media":78334,"comment_status":"","ping_status":"","sticky":false,"template":"","format":"standard","meta":{"footnotes":""},"categories":[67],"tags":[104,361,5051,34,31,33,32,30,402,310,547,105],"class_list":{"0":"post-78333","1":"post","2":"type-post","3":"status-publish","4":"format-standard","5":"has-post-thumbnail","7":"category-underhallning","8":"tag-entertainment","9":"tag-organization-svt","10":"tag-person-molly-sanden","11":"tag-se","12":"tag-svenska","13":"tag-sverige","14":"tag-sweden","15":"tag-swedish","16":"tag-topic-artister","17":"tag-topic-kandisar","18":"tag-topic-karlek-relationer","19":"tag-underhallning"},"share_on_mastodon":{"url":"https:\/\/pubeurope.com\/@se\/115535102844166448","error":""},"_links":{"self":[{"href":"https:\/\/www.europesays.com\/se\/wp-json\/wp\/v2\/posts\/78333","targetHints":{"allow":["GET"]}}],"collection":[{"href":"https:\/\/www.europesays.com\/se\/wp-json\/wp\/v2\/posts"}],"about":[{"href":"https:\/\/www.europesays.com\/se\/wp-json\/wp\/v2\/types\/post"}],"author":[{"embeddable":true,"href":"https:\/\/www.europesays.com\/se\/wp-json\/wp\/v2\/users\/2"}],"replies":[{"embeddable":true,"href":"https:\/\/www.europesays.com\/se\/wp-json\/wp\/v2\/comments?post=78333"}],"version-history":[{"count":0,"href":"https:\/\/www.europesays.com\/se\/wp-json\/wp\/v2\/posts\/78333\/revisions"}],"wp:featuredmedia":[{"embeddable":true,"href":"https:\/\/www.europesays.com\/se\/wp-json\/wp\/v2\/media\/78334"}],"wp:attachment":[{"href":"https:\/\/www.europesays.com\/se\/wp-json\/wp\/v2\/media?parent=78333"}],"wp:term":[{"taxonomy":"category","embeddable":true,"href":"https:\/\/www.europesays.com\/se\/wp-json\/wp\/v2\/categories?post=78333"},{"taxonomy":"post_tag","embeddable":true,"href":"https:\/\/www.europesays.com\/se\/wp-json\/wp\/v2\/tags?post=78333"}],"curies":[{"name":"wp","href":"https:\/\/api.w.org\/{rel}","templated":true}]}}