{"id":78344,"date":"2025-11-12T05:50:37","date_gmt":"2025-11-12T05:50:37","guid":{"rendered":"https:\/\/www.europesays.com\/se\/78344\/"},"modified":"2025-11-12T05:50:37","modified_gmt":"2025-11-12T05:50:37","slug":"bildspecial-nummer-2-efter-segern-mot-gais-i-sasongens-sista-match","status":"publish","type":"post","link":"https:\/\/www.europesays.com\/se\/78344\/","title":{"rendered":"Bildspecial nummer 2 efter segern mot GAIS i s\u00e4songens sista match"},"content":{"rendered":"<p>Malm\u00f6 FF lyckades \u00e4ntligen ta tre po\u00e4ng och man gjorde detta i s\u00e4songens sista match mot GAIS p\u00e5 hemmaplan. <\/p>\n<p><img decoding=\"async\" src=\"https:\/\/www.europesays.com\/se\/wp-content\/uploads\/2025\/11\/l9GxnP1l3k0GWYWtyEOLLy8YuxzB5CJKTmcahQo6.jpg\"\/><\/p>\n<p>Inf\u00f6r matchen uppm\u00e4rksammades det bland annat att Otto Rosengren nu gjort hundra matcher f\u00f6r Malm\u00f6 FF. \u00c4ven VD:n Niclas Carln\u00e9n fick en h\u00f6gst v\u00e4lf\u00f6rtj\u00e4nt avtackning. <\/p>\n<p><img decoding=\"async\" src=\"https:\/\/www.europesays.com\/se\/wp-content\/uploads\/2025\/11\/luBcnV2eEPFJ3m7OZFEhghgTIjQE7Z4BvuMtdS9H.jpg\"\/><br \/><img decoding=\"async\" src=\"https:\/\/www.europesays.com\/se\/wp-content\/uploads\/2025\/11\/kTqZa4RDEynrcYStw5YaEZdaeWcdcCr0BLRYwvX4.jpg\"\/><br \/><img decoding=\"async\" src=\"https:\/\/www.europesays.com\/se\/wp-content\/uploads\/2025\/11\/UzzzXijFvv7PKPNAj5ziDKOKChcm6OxRp2ZK2hGL.jpg\"\/><br \/>Gudjohnsen var pigg under hela matchen och prickade bland annat stolpen under den f\u00f6rsta halvleken. <\/p>\n<p><img decoding=\"async\" src=\"https:\/\/www.europesays.com\/se\/wp-content\/uploads\/2025\/11\/fzmGlT0nO51yrQ5yPSHqBVPwyfpjdwCKaLEpMMaL.jpg\"\/><br \/><img decoding=\"async\" src=\"https:\/\/www.europesays.com\/se\/wp-content\/uploads\/2025\/11\/xSItevYYhd448AAV3yQBdtCwu0hXZR0FzHmXzxvh.jpg\"\/><br \/><img decoding=\"async\" src=\"https:\/\/www.europesays.com\/se\/wp-content\/uploads\/2025\/11\/q2SwtjLJNwAAUQRsWVAta7IXyXU3x7dv6G0RNuiR.jpg\"\/><img decoding=\"async\" src=\"https:\/\/www.europesays.com\/se\/wp-content\/uploads\/2025\/11\/d1BaOUeKopCK0MwLpJbdCV5fF3YuaBaUB5JVMLz4.jpg\"\/><br \/><img decoding=\"async\" src=\"https:\/\/www.europesays.com\/se\/wp-content\/uploads\/2025\/11\/dXAxxJNluDGG73TW86jViDc9FTnD9W97oaMeNnl0.jpg\"\/><\/p>\n<p>Men givetvis var det hans segerm\u00e5l som stack ut lite extra och firande ihop med Haksabanovic. Mycket l\u00e4ttnad d\u00e4r p\u00e5 en g\u00e5ng. Sk\u00f6nt att \u00e4ntligen f\u00e5 se lite gl\u00e4dje i spelarnas ansikten. <\/p>\n<p>Samtliga av mina bilder ifr\u00e5n matchen hittar ni <a target=\"_blank\" href=\"https:\/\/flic.kr\/s\/aHBqjCAbL8\" rel=\"nofollow noopener\">h\u00e4r. <\/a><br \/>F\u00f6lj mig g\u00e4rna p\u00e5 Instagram ( <a target=\"_blank\" href=\"https:\/\/www.instagram.com\/unelandphoto2\/?next=%2F\" rel=\"nofollow noopener\">Unelandphoto2 <\/a>) ocks\u00e5 ifall ni vill se fler av mina bilder. <\/p>\n<p><script async src=\"\/\/www.instagram.com\/embed.js\"><\/script><\/p>\n","protected":false},"excerpt":{"rendered":"Malm\u00f6 FF lyckades \u00e4ntligen ta tre po\u00e4ng och man gjorde detta i s\u00e4songens sista match mot GAIS p\u00e5&hellip;\n","protected":false},"author":2,"featured_media":78345,"comment_status":"","ping_status":"","sticky":false,"template":"","format":"standard","meta":{"footnotes":""},"categories":[68],"tags":[159,158,157,138,156,165,164,140,34,160,162,111,110,31,161,33,32,30,163],"class_list":{"0":"post-78344","1":"post","2":"type-post","3":"status-publish","4":"format-standard","5":"has-post-thumbnail","7":"category-sport","8":"tag-allsvenskan","9":"tag-fans","10":"tag-fantv","11":"tag-fotboll","12":"tag-hockey","13":"tag-matcher","14":"tag-matchprogram","15":"tag-premier-league","16":"tag-se","17":"tag-serie-a","18":"tag-spelschema","19":"tag-sport","20":"tag-sports","21":"tag-svenska","22":"tag-svenskafans","23":"tag-sverige","24":"tag-sweden","25":"tag-swedish","26":"tag-tabeller"},"share_on_mastodon":{"url":"https:\/\/pubeurope.com\/@se\/115535165947540540","error":""},"_links":{"self":[{"href":"https:\/\/www.europesays.com\/se\/wp-json\/wp\/v2\/posts\/78344","targetHints":{"allow":["GET"]}}],"collection":[{"href":"https:\/\/www.europesays.com\/se\/wp-json\/wp\/v2\/posts"}],"about":[{"href":"https:\/\/www.europesays.com\/se\/wp-json\/wp\/v2\/types\/post"}],"author":[{"embeddable":true,"href":"https:\/\/www.europesays.com\/se\/wp-json\/wp\/v2\/users\/2"}],"replies":[{"embeddable":true,"href":"https:\/\/www.europesays.com\/se\/wp-json\/wp\/v2\/comments?post=78344"}],"version-history":[{"count":0,"href":"https:\/\/www.europesays.com\/se\/wp-json\/wp\/v2\/posts\/78344\/revisions"}],"wp:featuredmedia":[{"embeddable":true,"href":"https:\/\/www.europesays.com\/se\/wp-json\/wp\/v2\/media\/78345"}],"wp:attachment":[{"href":"https:\/\/www.europesays.com\/se\/wp-json\/wp\/v2\/media?parent=78344"}],"wp:term":[{"taxonomy":"category","embeddable":true,"href":"https:\/\/www.europesays.com\/se\/wp-json\/wp\/v2\/categories?post=78344"},{"taxonomy":"post_tag","embeddable":true,"href":"https:\/\/www.europesays.com\/se\/wp-json\/wp\/v2\/tags?post=78344"}],"curies":[{"name":"wp","href":"https:\/\/api.w.org\/{rel}","templated":true}]}}