{"id":78383,"date":"2025-11-12T06:44:14","date_gmt":"2025-11-12T06:44:14","guid":{"rendered":"https:\/\/www.europesays.com\/se\/78383\/"},"modified":"2025-11-12T06:44:14","modified_gmt":"2025-11-12T06:44:14","slug":"kvinna-ska-ha-huggit-kvinna-vid-tvattstuga-och-tant-eld-pa-lagenhet","status":"publish","type":"post","link":"https:\/\/www.europesays.com\/se\/78383\/","title":{"rendered":"Kvinna ska ha huggit kvinna vid tv\u00e4ttstuga \u2013 och t\u00e4nt eld p\u00e5 l\u00e4genhet"},"content":{"rendered":"<p>En kvinna t\u00e4nde eld p\u00e5 en l\u00e4genhet i Upplands V\u00e4sby.Sedan misst\u00e4nks hon ha stickskadat en annan kvinna vid en tv\u00e4ttstuga.Nu p\u00e5g\u00e5r en polisjakt.<\/p>\n<p class=\"text\">Tidigt imorse larmades polis och r\u00e4ddningstj\u00e4nst till\u00a0Upplands V\u00e4sby\u00a0med anledning av en l\u00e4genhetsbrand som misst\u00e4nks vara anlagd.<\/p>\n<p class=\"text\">\u2013 Det var en kvinna som h\u00e4llt ut br\u00e4nnbart material och t\u00e4nt p\u00e5 i l\u00e4genheten. Det var en fullt utvecklad brand n\u00e4r vi kom fram, s\u00e4ger Roger Sverndal vid r\u00e4ddningstj\u00e4nsten till <a target=\"_blank\" rel=\"noopener nofollow\" href=\"https:\/\/www.aftonbladet.se\/nyheter\/a\/3MLgkP\/brand-i-lagenhet-i-upplands-vasby-i-stockholm\">Aftonbladet<\/a>.<\/p>\n<p class=\"text\">Ingen person ska ha skadats i branden. R\u00e4ddningstj\u00e4nsten uppger f\u00f6r tidningen att den misst\u00e4nkta kvinnan inte fanns kvar p\u00e5 platsen.<\/p>\n<p class=\"text\">\u2013 Vi har s\u00f6kt igenom l\u00e4genheten och det var ingen kvar d\u00e4r. Man h\u00e5ller p\u00e5 att leta efter kvinnan nu.<\/p>\n<p>Kvinna attackerad vid tv\u00e4ttstuga<\/p>\n<p class=\"text\">Samma kvinna ska i samband med branden ha stickskadat en annan kvinna i anslutning till en tv\u00e4ttstuga. Den skadade kvinnan \u00e4r f\u00f6rd till sjukhus med skador som inte bed\u00f6ms som livshotande, enligt polisen.<\/p>\n<p class=\"text\">Polisen utreder h\u00e4ndelsen som\u00a0grov misshandel\u00a0och\u00a0mordbrand. Tv\u00e5 brottsplatser har sp\u00e4rrats av och kommer att unders\u00f6kas av kriminaltekniker under dagen.<\/p>\n<p class=\"text\">Texten uppdateras&#8230;<\/p>\n","protected":false},"excerpt":{"rendered":"En kvinna t\u00e4nde eld p\u00e5 en l\u00e4genhet i Upplands V\u00e4sby.Sedan misst\u00e4nks hon ha stickskadat en annan kvinna vid&hellip;\n","protected":false},"author":2,"featured_media":78384,"comment_status":"","ping_status":"","sticky":false,"template":"","format":"standard","meta":{"footnotes":""},"categories":[5],"tags":[22,23,26,27,17,21,24,25,28,29,15,16,18,34,31,33,32,30,19,20],"class_list":{"0":"post-78383","1":"post","2":"type-post","3":"status-publish","4":"format-standard","5":"has-post-thumbnail","7":"category-rubriker","8":"tag-breaking-news","9":"tag-breakingnews","10":"tag-featured-news","11":"tag-featurednews","12":"tag-headlines","13":"tag-huvudnyheter","14":"tag-latest-news","15":"tag-latestnews","16":"tag-main-news","17":"tag-mainnews","18":"tag-news","19":"tag-nyheter","20":"tag-rubriker","21":"tag-se","22":"tag-svenska","23":"tag-sverige","24":"tag-sweden","25":"tag-swedish","26":"tag-top-stories","27":"tag-topstories"},"share_on_mastodon":{"url":"https:\/\/pubeurope.com\/@se\/115535378221331268","error":""},"_links":{"self":[{"href":"https:\/\/www.europesays.com\/se\/wp-json\/wp\/v2\/posts\/78383","targetHints":{"allow":["GET"]}}],"collection":[{"href":"https:\/\/www.europesays.com\/se\/wp-json\/wp\/v2\/posts"}],"about":[{"href":"https:\/\/www.europesays.com\/se\/wp-json\/wp\/v2\/types\/post"}],"author":[{"embeddable":true,"href":"https:\/\/www.europesays.com\/se\/wp-json\/wp\/v2\/users\/2"}],"replies":[{"embeddable":true,"href":"https:\/\/www.europesays.com\/se\/wp-json\/wp\/v2\/comments?post=78383"}],"version-history":[{"count":0,"href":"https:\/\/www.europesays.com\/se\/wp-json\/wp\/v2\/posts\/78383\/revisions"}],"wp:featuredmedia":[{"embeddable":true,"href":"https:\/\/www.europesays.com\/se\/wp-json\/wp\/v2\/media\/78384"}],"wp:attachment":[{"href":"https:\/\/www.europesays.com\/se\/wp-json\/wp\/v2\/media?parent=78383"}],"wp:term":[{"taxonomy":"category","embeddable":true,"href":"https:\/\/www.europesays.com\/se\/wp-json\/wp\/v2\/categories?post=78383"},{"taxonomy":"post_tag","embeddable":true,"href":"https:\/\/www.europesays.com\/se\/wp-json\/wp\/v2\/tags?post=78383"}],"curies":[{"name":"wp","href":"https:\/\/api.w.org\/{rel}","templated":true}]}}