{"id":78471,"date":"2025-11-12T08:34:07","date_gmt":"2025-11-12T08:34:07","guid":{"rendered":"https:\/\/www.europesays.com\/se\/78471\/"},"modified":"2025-11-12T08:34:07","modified_gmt":"2025-11-12T08:34:07","slug":"food-for-life-kokboken-brittiske-forskaren-tim-spector-visar-hur-vetenskap-och-matgladje-mots-i-recept-med-forankring-i-varldens-storsta-nutritionsstudie","status":"publish","type":"post","link":"https:\/\/www.europesays.com\/se\/78471\/","title":{"rendered":"Food for Life \u2013 Kokboken:\u00a0\u00a0Brittiske forskaren Tim Spector visar hur vetenskap och matgl\u00e4dje m\u00f6ts i recept med f\u00f6rankring i v\u00e4rldens st\u00f6rsta nutritionsstudie"},"content":{"rendered":"<p>&#13;<br \/>\n                        &#13;<br \/>\n&#13;<br \/>\n&#13;<\/p>\n<p><strong>Professorn och l\u00e4karen Tim Spector \u00e4r en av v\u00e4rldens mest inflytelserika r\u00f6ster inom forskning om mat och\u00a0<strong>tarmh\u00e4lsa<\/strong><\/strong>,<strong> verksam vid King\u2019s College London. Som medgrundare till forsknings- och n\u00e4ringsf\u00f6retaget ZOE, som driver v\u00e4rldens st\u00f6rsta nutritionsstudie, har han bidragit till att f\u00f6rdjupa v\u00e5r f\u00f6rst\u00e5else f\u00f6r sambandet mellan det vi \u00e4ter och hur vi m\u00e5r. Hans bok\u00a0Food for Life, d\u00e4r han presenterade ett antal grundprinciper f\u00f6r hur vi kan \u00e4ta b\u00e5de gott och h\u00e4lsosamt, har blivit en internationell succ\u00e9 och gjort honom till en av de mest respekterade experterna p\u00e5 omr\u00e5det. Nu kommer\u00a0Food for Life \u2013 Kokboken\u00a0p\u00e5 svenska, med n\u00e4stan hundra recept som f\u00f6renar vetenskap, smak och h\u00e5llbarhet i k\u00f6ket.<\/strong><\/p>\n<p>&#13;<\/p>\n<p style=\"margin-top:12px;\"><img decoding=\"async\" alt=\"\" src=\"https:\/\/www.europesays.com\/se\/wp-content\/uploads\/2025\/11\/b90c8c6c6b7cf8b9_800x800ar.jpeg\"\/><\/p>\n<p>I\u00a0Food for Life \u2013 Kokboken visar Tim Spector hur vi med sm\u00e5 f\u00f6r\u00e4ndringar kan f\u00f6rb\u00e4ttra v\u00e5r h\u00e4lsa p\u00e5 riktigt. Boken utg\u00e5r ifr\u00e5n den senaste forskningen om hur maten vi \u00e4ter p\u00e5verkar kroppen och p\u00e5 resultaten fr\u00e5n ZOE:s p\u00e5g\u00e5ende studier. H\u00e4r blir vetenskapen konkret och tillg\u00e4nglig, med recept och r\u00e5d som fungerar i vardagen. Filosofin \u00e4r enkel: \u00c4t fler v\u00e4xter, undvik ultraprocessad mat och l\u00e5t variationen bli din st\u00f6rsta tillg\u00e5ng.<\/p>\n<p>Bokens recept bygger p\u00e5 sex grundprinciper som sammanfattar Tim Spectors forskning: \u00e4t minst trettio olika v\u00e4xter i veckan, \u00e4t regnb\u00e5gen, v\u00e4xla om ditt protein, fokusera p\u00e5 kvalitet och v\u00e4lj naturliga r\u00e5varor framf\u00f6r ultraprocessad mat, satsa p\u00e5 fermenterade livsmedel varje dag samt testa tidsbegr\u00e4nsat \u00e4tande. L\u00e5t maten bli varierad och n\u00e4ringsrik, och ge kroppen tid att vila mellan m\u00e5ltiderna genom periodisk fasta eller s\u00e5 kallade \u00e4tf\u00f6nster. Att \u00e4ta regnb\u00e5gen handlar om att fylla tallriken med r\u00e5varor \u2013 frukt, gr\u00f6nsaker, fullkorn, n\u00f6tter, fr\u00f6n och baljv\u00e4xter \u2013 i m\u00e5nga olika f\u00e4rger eftersom varje f\u00e4rg representerar olika n\u00e4rings\u00e4mnen och fibrer som gynnar kroppen och den goda bakteriefloran. Alla dessa principer syftar till att skapa en rik och balanserad tarmflora, att st\u00e4rka ditt immunf\u00f6rsvar och att ge dig b\u00e4ttre energi.<\/p>\n<p>Med n\u00e4stan hundra recept visar\u00a0Food for Life \u2013 Kokboken\u00a0hur god mat och h\u00e4lsosam mat kan vara samma sak. H\u00e4r finns frukostar, sallader, 15-minutersr\u00e4tter, m\u00e4ttande middagar och s\u00f6tsaker \u2013 alla med fokus p\u00e5 naturliga ingredienser, fermentering, smak och enkelhet. Det handlar inte om f\u00f6rbud eller dieter, utan om att \u00e4ta mer varierat, mer naturligt och med st\u00f6rre nyfikenhet p\u00e5 vad kroppen faktiskt m\u00e5r bra av.<\/p>\n<p>Bakom boken finns ocks\u00e5 en personlig ber\u00e4ttelse. Under en skid\u00e5kningstur i Italien drabbades Tim Spector av en ministroke, n\u00e4r han var i ungef\u00e4r samma \u00e5lder som hans pappa var n\u00e4r han dog av en pl\u00f6tslig hj\u00e4rtattack. Under \u00e5terh\u00e4mtningen b\u00f6rjade han ifr\u00e5gas\u00e4tta b\u00e5de mycket av den praktiska kostr\u00e5dgivningen till patienter och de matvanor han sj\u00e4lv hade haft. Han uppt\u00e4ckte hur lite n\u00e4ringsl\u00e4ra som faktiskt ingick i den medicinska utbildningen och hur f\u00f6rlegade m\u00e5nga av de officiella r\u00e5den var.<\/p>\n<p>\u2013 Jag trodde att jag var en h\u00e4lsosam, kunnig l\u00e4kare, men ins\u00e5g att jag hade fel. N\u00e4r jag b\u00f6rjade granska r\u00e5den som ges till patienter ins\u00e5g jag att de inte h\u00f6ll m\u00e5ttet. Vi hade helt enkelt inte l\u00e4rt oss n\u00e5got om n\u00e4ring. Det var ett bryskt uppvaknande, men ocks\u00e5 b\u00f6rjan p\u00e5 n\u00e5got nytt, s\u00e4ger Tim Spector.<\/p>\n<p>Det blev startpunkten f\u00f6r hans forskning om hur maten p\u00e5verkar v\u00e5r h\u00e4lsa och f\u00f6r grundandet av ZOE \u2013 ett forskningsinitiativ som f\u00f6r\u00e4ndrat synen p\u00e5 kost globalt. I dag \u00e4r Tim Spector en av Storbritanniens mest v\u00e4lk\u00e4nda vetenskapskommunikat\u00f6rer som regelbundet g\u00f6r forskning tillg\u00e4nglig f\u00f6r en bred publik. Med\u00a0Food for Life \u2013 Kokboken tar han sin forskning hela v\u00e4gen till tallriken och visar att resan till b\u00e4ttre h\u00e4lsa b\u00f6rjar med maten vi \u00e4lskar att \u00e4ta.<\/p>\n<p><strong>Tim Spector<\/strong> \u00e4r professor i genetisk epidemiologi vid King\u2019s College London, en av v\u00e4rldens ledande experter p\u00e5 tarmh\u00e4lsa och en av Storbritanniens mest v\u00e4lk\u00e4nda vetenskapskommunikat\u00f6rer. Han \u00e4r medgrundare till det brittiska forsknings- och n\u00e4ringsf\u00f6retaget ZOE och f\u00f6rfattare till b\u00e4sts\u00e4ljande b\u00f6cker om kost och h\u00e4lsa.<br \/>\u00a0<br \/><strong>Food for Life \u2013 Kokboken<\/strong>\u00a0har utgivning den 2 januari.<br \/>Bokomslag och pressbilder finns att <a href=\"https:\/\/www.bonnierfakta.se\/forfattare\/72192\/tim-spector\/\" style=\" text-decoration:underline;\" rel=\"nofollow noopener\" target=\"_blank\">ladda ner h\u00e4r.<\/a><\/p>\n<p><strong>F\u00f6r recensionsexemplar, intervjuf\u00f6rfr\u00e5gningar eller mer information, v\u00e4nligen kontakta:<\/strong>\u00a0\u00a0<br \/>Magdalena H\u00f6glund, Presskontakt, Bonnier Fakta\/Bokf\u00f6rlaget Forum.\u00a0<br \/>tel: 0733 338840 eller e-post:\u00a0<a href=\"https:\/\/news.cision.com\/se\/bonnier-fakta\/r\/mailto:magdalena@highlandpr.se\" style=\" text-decoration:underline;\" target=\"_blank\" rel=\"nofollow noopener\">magdalena@highlandpr.se<\/a>\u00a0<\/p>\n<p>\u00c4r du journalist och intresserad av recex av v\u00e5r utgivning \u00e4r du v\u00e4lkommen att anm\u00e4la dig till v\u00e5r \u00a0<br \/>presstj\u00e4nst.\u00a0<a href=\"https:\/\/www.bonnierforlagen.se\/presstjanst\" style=\" text-decoration:underline;\" target=\"_blank\" rel=\"nofollow noopener\">https:\/\/www.bonnierforlagen.se\/presstjanst<\/a>\u00a0\u00a0<br \/>\u00a0<br \/><a href=\"https:\/\/www.bonnierfakta.se\/\" style=\" text-decoration:underline;\" rel=\"nofollow noopener\" target=\"_blank\"><strong>Bonnier Fakta<\/strong><\/a> \u00e4r ett av Sveriges ledande fackboksf\u00f6rlag. Vi ger ut unika illustrerade b\u00f6cker som \u00e4r nyskapande och snyggt formgivna, tillf\u00f6r ny kunskap, underh\u00e5ller, ber\u00f6r och inspirerar. Till v\u00e5ra viktigaste \u00e4mnen h\u00f6r mat, h\u00e4lsa, tr\u00e4dg\u00e5rd, handarbete, f\u00f6r\u00e4ldraskap, kultur och mode. Bonnier Fakta \u00e4r en del av Bokf\u00f6rlaget Forum.<\/p>\n<p>&#13;<br \/>\n&#13;<br \/>\n&#13;<br \/>\n&#13;<\/p>\n<p><strong>Taggar:<\/strong><\/p>\n<p>&#13;<br \/>\n&#13;<br \/>\n&#13;<\/p>\n","protected":false},"excerpt":{"rendered":"&#13; &#13; &#13; &#13; Professorn och l\u00e4karen Tim Spector \u00e4r en av v\u00e4rldens mest inflytelserika r\u00f6ster inom forskning&hellip;\n","protected":false},"author":2,"featured_media":78472,"comment_status":"","ping_status":"","sticky":false,"template":"","format":"standard","meta":{"footnotes":""},"categories":[69],"tags":[6894,6896,6897,113,112,34,31,33,32,30,6895],"class_list":{"0":"post-78471","1":"post","2":"type-post","3":"status-publish","4":"format-standard","5":"has-post-thumbnail","7":"category-halsa","8":"tag-bonnier-fakta","9":"tag-food-for-life","10":"tag-food-for-life-kokboken","11":"tag-halsa","12":"tag-health","13":"tag-se","14":"tag-svenska","15":"tag-sverige","16":"tag-sweden","17":"tag-swedish","18":"tag-tim-spector"},"share_on_mastodon":{"url":"https:\/\/pubeurope.com\/@se\/115535810682785998","error":""},"_links":{"self":[{"href":"https:\/\/www.europesays.com\/se\/wp-json\/wp\/v2\/posts\/78471","targetHints":{"allow":["GET"]}}],"collection":[{"href":"https:\/\/www.europesays.com\/se\/wp-json\/wp\/v2\/posts"}],"about":[{"href":"https:\/\/www.europesays.com\/se\/wp-json\/wp\/v2\/types\/post"}],"author":[{"embeddable":true,"href":"https:\/\/www.europesays.com\/se\/wp-json\/wp\/v2\/users\/2"}],"replies":[{"embeddable":true,"href":"https:\/\/www.europesays.com\/se\/wp-json\/wp\/v2\/comments?post=78471"}],"version-history":[{"count":0,"href":"https:\/\/www.europesays.com\/se\/wp-json\/wp\/v2\/posts\/78471\/revisions"}],"wp:featuredmedia":[{"embeddable":true,"href":"https:\/\/www.europesays.com\/se\/wp-json\/wp\/v2\/media\/78472"}],"wp:attachment":[{"href":"https:\/\/www.europesays.com\/se\/wp-json\/wp\/v2\/media?parent=78471"}],"wp:term":[{"taxonomy":"category","embeddable":true,"href":"https:\/\/www.europesays.com\/se\/wp-json\/wp\/v2\/categories?post=78471"},{"taxonomy":"post_tag","embeddable":true,"href":"https:\/\/www.europesays.com\/se\/wp-json\/wp\/v2\/tags?post=78471"}],"curies":[{"name":"wp","href":"https:\/\/api.w.org\/{rel}","templated":true}]}}