{"id":78521,"date":"2025-11-12T09:58:24","date_gmt":"2025-11-12T09:58:24","guid":{"rendered":"https:\/\/www.europesays.com\/se\/78521\/"},"modified":"2025-11-12T09:58:24","modified_gmt":"2025-11-12T09:58:24","slug":"fossillobbyister-forsoker-paverka-klimatmotet","status":"publish","type":"post","link":"https:\/\/www.europesays.com\/se\/78521\/","title":{"rendered":"Fossillobbyister f\u00f6rs\u00f6ker p\u00e5verka klimatm\u00f6tet"},"content":{"rendered":"<p>Vid f\u00f6rra \u00e5rets klimattoppm\u00f6te i Baku i Azerbajdzjan (COP29) identifierades fler \u00e4n 1\u202f700 lobbyister fr\u00e5n kol-, olje- och gasbranschen, enligt organisationen Kick Big Polluters Out.<\/p>\n<p>Det var betydligt f\u00e4rre \u00e4n de 2\u202f456 fr\u00e5n fossillobbyn som ackrediterats till f\u00f6reg\u00e5ende \u00e5rs m\u00f6te i Dubai (COP28).<\/p>\n<p>F\u00f6reteelsen \u00e4r inte ny, utan branschen har f\u00f6rs\u00f6kt att p\u00e5verka agendan sedan \u00e5tminstone 1980-talet.<\/p>\n<p>88 procent av de 466 f\u00f6retag och branschorganisationer (\u00e4ven utanf\u00f6r fossilbranschen) som deltog vid de f\u00f6reg\u00e5ende tv\u00e5 \u00e5rens m\u00f6te har inte tydligt visat sitt st\u00f6d f\u00f6r Parisavtalet de senaste tv\u00e5 \u00e5ren.<\/p>\n<p>K\u00e4llor: The Conversation, The Guardian, Transparency International via TT<\/p>\n","protected":false},"excerpt":{"rendered":"Vid f\u00f6rra \u00e5rets klimattoppm\u00f6te i Baku i Azerbajdzjan (COP29) identifierades fler \u00e4n 1\u202f700 lobbyister fr\u00e5n kol-, olje- och&hellip;\n","protected":false},"author":2,"featured_media":78522,"comment_status":"","ping_status":"","sticky":false,"template":"","format":"standard","meta":{"footnotes":""},"categories":[5],"tags":[707,22,23,26,27,17,21,528,940,24,25,708,28,29,15,16,18,34,31,33,32,30,19,20,6906],"class_list":{"0":"post-78521","1":"post","2":"type-post","3":"status-publish","4":"format-standard","5":"has-post-thumbnail","7":"category-rubriker","8":"tag-brasilien","9":"tag-breaking-news","10":"tag-breakingnews","11":"tag-featured-news","12":"tag-featurednews","13":"tag-headlines","14":"tag-huvudnyheter","15":"tag-klimat-miljo","16":"tag-klimathotet","17":"tag-latest-news","18":"tag-latestnews","19":"tag-latinamerika","20":"tag-main-news","21":"tag-mainnews","22":"tag-news","23":"tag-nyheter","24":"tag-rubriker","25":"tag-se","26":"tag-svenska","27":"tag-sverige","28":"tag-sweden","29":"tag-swedish","30":"tag-top-stories","31":"tag-topstories","32":"tag-transparency-international"},"share_on_mastodon":{"url":"https:\/\/pubeurope.com\/@se\/115536140889235448","error":""},"_links":{"self":[{"href":"https:\/\/www.europesays.com\/se\/wp-json\/wp\/v2\/posts\/78521","targetHints":{"allow":["GET"]}}],"collection":[{"href":"https:\/\/www.europesays.com\/se\/wp-json\/wp\/v2\/posts"}],"about":[{"href":"https:\/\/www.europesays.com\/se\/wp-json\/wp\/v2\/types\/post"}],"author":[{"embeddable":true,"href":"https:\/\/www.europesays.com\/se\/wp-json\/wp\/v2\/users\/2"}],"replies":[{"embeddable":true,"href":"https:\/\/www.europesays.com\/se\/wp-json\/wp\/v2\/comments?post=78521"}],"version-history":[{"count":0,"href":"https:\/\/www.europesays.com\/se\/wp-json\/wp\/v2\/posts\/78521\/revisions"}],"wp:featuredmedia":[{"embeddable":true,"href":"https:\/\/www.europesays.com\/se\/wp-json\/wp\/v2\/media\/78522"}],"wp:attachment":[{"href":"https:\/\/www.europesays.com\/se\/wp-json\/wp\/v2\/media?parent=78521"}],"wp:term":[{"taxonomy":"category","embeddable":true,"href":"https:\/\/www.europesays.com\/se\/wp-json\/wp\/v2\/categories?post=78521"},{"taxonomy":"post_tag","embeddable":true,"href":"https:\/\/www.europesays.com\/se\/wp-json\/wp\/v2\/tags?post=78521"}],"curies":[{"name":"wp","href":"https:\/\/api.w.org\/{rel}","templated":true}]}}