{"id":78525,"date":"2025-11-12T10:02:36","date_gmt":"2025-11-12T10:02:36","guid":{"rendered":"https:\/\/www.europesays.com\/se\/78525\/"},"modified":"2025-11-12T10:02:36","modified_gmt":"2025-11-12T10:02:36","slug":"london-trion-the-xxklara-for-way-out-west","status":"publish","type":"post","link":"https:\/\/www.europesays.com\/se\/78525\/","title":{"rendered":"London-trion The XX\nklara f\u00f6r Way out west"},"content":{"rendered":"<p>Publicerad 10 nov 2025 kl 11.57<\/p>\n<p>The XX kommer till sommarens upplaga av Way Out West i G\u00f6teborg.\u00a0<\/p>\n<p><img loading=\"lazy\"   alt=\"\"\/><\/p>\n<p>H\u00e4r p\u00e5 Way out west i somras.<\/p>\n<p>Foto: ANGELA KOTSELL \/ SPA SPA | SWEDISH PRESS AGENCY<\/p>\n<p>\u00d6ppna bild i helsk\u00e4rm<img loading=\"lazy\"   alt=\"\"\/> <\/p>\n<p>Foto: ANGELA KOTSELL \/ SPA SPA | SWEDISH PRESS AGENCY<\/p>\n<p>\u00d6ppna bild i helsk\u00e4rm<img loading=\"lazy\"   alt=\"\"\/>\u00d6ppna bild i helsk\u00e4rm<\/p>\n<p>London-trion The XX \u00e4r klara f\u00f6r festivalen i Slottsskogen den 13-15 augusti. Det \u00e4r \u00e4ven amerikanske indierockaren Sombr, meddelar festivalledningen.<\/p>\n<p>Sedan tidigare \u00e4r det k\u00e4nt att The Cure, Nick Cave, Lorde och Gorillaz finns bland dragpl\u00e5stren.\u00a0<\/p>\n<p>Ett f\u00f6rsta begr\u00e4nsat antal biljetter sl\u00e4pps den 13 oktober.<\/p>\n","protected":false},"excerpt":{"rendered":"Publicerad 10 nov 2025 kl 11.57 The XX kommer till sommarens upplaga av Way Out West i G\u00f6teborg.\u00a0&hellip;\n","protected":false},"author":2,"featured_media":78526,"comment_status":"","ping_status":"","sticky":false,"template":"","format":"standard","meta":{"footnotes":""},"categories":[67],"tags":[104,238,34,775,31,33,32,30,105],"class_list":{"0":"post-78525","1":"post","2":"type-post","3":"status-publish","4":"format-standard","5":"has-post-thumbnail","7":"category-underhallning","8":"tag-entertainment","9":"tag-organization-way-out-west","10":"tag-se","11":"tag-sections-musik","12":"tag-svenska","13":"tag-sverige","14":"tag-sweden","15":"tag-swedish","16":"tag-underhallning"},"share_on_mastodon":{"url":"https:\/\/pubeurope.com\/@se\/115536156643565324","error":""},"_links":{"self":[{"href":"https:\/\/www.europesays.com\/se\/wp-json\/wp\/v2\/posts\/78525","targetHints":{"allow":["GET"]}}],"collection":[{"href":"https:\/\/www.europesays.com\/se\/wp-json\/wp\/v2\/posts"}],"about":[{"href":"https:\/\/www.europesays.com\/se\/wp-json\/wp\/v2\/types\/post"}],"author":[{"embeddable":true,"href":"https:\/\/www.europesays.com\/se\/wp-json\/wp\/v2\/users\/2"}],"replies":[{"embeddable":true,"href":"https:\/\/www.europesays.com\/se\/wp-json\/wp\/v2\/comments?post=78525"}],"version-history":[{"count":0,"href":"https:\/\/www.europesays.com\/se\/wp-json\/wp\/v2\/posts\/78525\/revisions"}],"wp:featuredmedia":[{"embeddable":true,"href":"https:\/\/www.europesays.com\/se\/wp-json\/wp\/v2\/media\/78526"}],"wp:attachment":[{"href":"https:\/\/www.europesays.com\/se\/wp-json\/wp\/v2\/media?parent=78525"}],"wp:term":[{"taxonomy":"category","embeddable":true,"href":"https:\/\/www.europesays.com\/se\/wp-json\/wp\/v2\/categories?post=78525"},{"taxonomy":"post_tag","embeddable":true,"href":"https:\/\/www.europesays.com\/se\/wp-json\/wp\/v2\/tags?post=78525"}],"curies":[{"name":"wp","href":"https:\/\/api.w.org\/{rel}","templated":true}]}}