{"id":78531,"date":"2025-11-12T10:09:29","date_gmt":"2025-11-12T10:09:29","guid":{"rendered":"https:\/\/www.europesays.com\/se\/78531\/"},"modified":"2025-11-12T10:09:29","modified_gmt":"2025-11-12T10:09:29","slug":"fin-pojke-som-inte-forstar-varlden","status":"publish","type":"post","link":"https:\/\/www.europesays.com\/se\/78531\/","title":{"rendered":"\u201dFin pojke som inte f\u00f6rst\u00e5r v\u00e4rlden\u201d"},"content":{"rendered":"<p>Den 18-\u00e5rige mannen som st\u00e5r \u00e5talad f\u00f6r terrorbrott i Stockholm beskrivs av personal p\u00e5 hans HVB-hem som sympatisk och k\u00e4rleksfull, men \u00e4ven otroligt l\u00e4ttp\u00e5verkad. Det skriver TT som tagit del av polisens f\u00f6rh\u00f6r. <\/p>\n<p>Under tv\u00e5 perioder 2023 och 2024 bodde 18-\u00e5ringen p\u00e5 ett HVB-hem i Sk\u00e5ne. Redan n\u00e4r han kom till hemmet ska han ha varit radikaliserad. <\/p>\n<p>\u2013 En v\u00e4ldigt, v\u00e4ldigt liten pojke som inte f\u00f6rst\u00e5r v\u00e4rlden, s\u00e4ger en socialpedagog om honom. <\/p>\n<p>En gruppchef p\u00e5 boendet s\u00e4ger dock att han \u00e4r \u201den farlig kille\u201d eftersom han har sv\u00e5rt att s\u00e4ga nej och beskrivs som \u201dotroligt l\u00e4ttp\u00e5verkad\u201d.<\/p>\n<p>18-\u00e5ringen st\u00e5r \u00e5talad f\u00f6r bland annat f\u00f6rberedelse till terrorbrott, hans m\u00e5l ska ha varit Kulturfestivalen i Stockholm. <\/p>\n<p>Omni \u00e4r politiskt obundna och oberoende. Vi str\u00e4var efter att ge fler perspektiv p\u00e5 nyheterna. Har du fr\u00e5gor eller synpunkter kring v\u00e5r rapportering? <a href=\"https:\/\/omni.se\/hvb-personalen-fin-pojke-som-inte-forstar-varlden\/a\/mailto:redaktion@omni.se\" class=\"ArticleActions_contactLink__W2F1M\" rel=\"nofollow noopener\" target=\"_blank\">Kontakta redaktionen<\/a><\/p>\n","protected":false},"excerpt":{"rendered":"Den 18-\u00e5rige mannen som st\u00e5r \u00e5talad f\u00f6r terrorbrott i Stockholm beskrivs av personal p\u00e5 hans HVB-hem som sympatisk&hellip;\n","protected":false},"author":2,"featured_media":78532,"comment_status":"","ping_status":"","sticky":false,"template":"","format":"standard","meta":{"footnotes":""},"categories":[5],"tags":[22,23,128,26,27,17,21,24,25,28,29,15,16,18,34,3135,258,127,31,33,32,30,19,20],"class_list":{"0":"post-78531","1":"post","2":"type-post","3":"status-publish","4":"format-standard","5":"has-post-thumbnail","7":"category-rubriker","8":"tag-breaking-news","9":"tag-breakingnews","10":"tag-brott","11":"tag-featured-news","12":"tag-featurednews","13":"tag-headlines","14":"tag-huvudnyheter","15":"tag-latest-news","16":"tag-latestnews","17":"tag-main-news","18":"tag-mainnews","19":"tag-news","20":"tag-nyheter","21":"tag-rubriker","22":"tag-se","23":"tag-skane","24":"tag-stockholm","25":"tag-stockholms-lan","26":"tag-svenska","27":"tag-sverige","28":"tag-sweden","29":"tag-swedish","30":"tag-top-stories","31":"tag-topstories"},"share_on_mastodon":{"url":"https:\/\/pubeurope.com\/@se\/115536184174834511","error":""},"_links":{"self":[{"href":"https:\/\/www.europesays.com\/se\/wp-json\/wp\/v2\/posts\/78531","targetHints":{"allow":["GET"]}}],"collection":[{"href":"https:\/\/www.europesays.com\/se\/wp-json\/wp\/v2\/posts"}],"about":[{"href":"https:\/\/www.europesays.com\/se\/wp-json\/wp\/v2\/types\/post"}],"author":[{"embeddable":true,"href":"https:\/\/www.europesays.com\/se\/wp-json\/wp\/v2\/users\/2"}],"replies":[{"embeddable":true,"href":"https:\/\/www.europesays.com\/se\/wp-json\/wp\/v2\/comments?post=78531"}],"version-history":[{"count":0,"href":"https:\/\/www.europesays.com\/se\/wp-json\/wp\/v2\/posts\/78531\/revisions"}],"wp:featuredmedia":[{"embeddable":true,"href":"https:\/\/www.europesays.com\/se\/wp-json\/wp\/v2\/media\/78532"}],"wp:attachment":[{"href":"https:\/\/www.europesays.com\/se\/wp-json\/wp\/v2\/media?parent=78531"}],"wp:term":[{"taxonomy":"category","embeddable":true,"href":"https:\/\/www.europesays.com\/se\/wp-json\/wp\/v2\/categories?post=78531"},{"taxonomy":"post_tag","embeddable":true,"href":"https:\/\/www.europesays.com\/se\/wp-json\/wp\/v2\/tags?post=78531"}],"curies":[{"name":"wp","href":"https:\/\/api.w.org\/{rel}","templated":true}]}}