{"id":78536,"date":"2025-11-12T10:14:25","date_gmt":"2025-11-12T10:14:25","guid":{"rendered":"https:\/\/www.europesays.com\/se\/78536\/"},"modified":"2025-11-12T10:14:25","modified_gmt":"2025-11-12T10:14:25","slug":"borsen-inleder-pa-gront-sbb-och-munters-rusar","status":"publish","type":"post","link":"https:\/\/www.europesays.com\/se\/78536\/","title":{"rendered":"B\u00f6rsen inleder p\u00e5 gr\u00f6nt \u2013 SBB och Munters rusar"},"content":{"rendered":"<p>Stockholmsb\u00f6rsen har startat dagen med en uppg\u00e5ng. Klockan 10.35 ser det ut s\u00e5 h\u00e4r:<\/p>\n<p>\u2022 OMXSPI: +0,3%<br \/>\u2022 OMXS30: +0,3% <\/p>\n<p>Wall Street handlades blandat under g\u00e5rdagen d\u00e4r investerarna f\u00f6rs\u00f6ker ta st\u00e4llning till om AI-rallyt ska forts\u00e4tta eller ej. F\u00f6r dagen v\u00e4ntas representanthuset r\u00f6sta igenom ett lagf\u00f6rslag som kan \u00f6ppna upp den amerikanska statsapparaten igen efter den rekordl\u00e5nga nedst\u00e4ngningen. <\/p>\n<p>Efter st\u00e4ngning p\u00e5 tisdagen meddelade SBB att samh\u00e4llsportf\u00f6ljen s\u00e4ljs till Public Property Invest f\u00f6r 32 miljarder kronor. Aktien rusar 10 procent. <\/p>\n<p>\u00c4ven Munters rusar 12 procent. Bolaget har f\u00e5tt en order p\u00e5 2 miljarder kronor till datacenter fr\u00e5n en amerikansk s\u00e5 kallad hyperscaler. <\/p>\n<p>Intellego avser starta ett \u00e5terk\u00f6psprogram p\u00e5 upp till 250 miljoner kronor och aktien studsar upp 4 procent efter g\u00e5rdagens del\u00e5r.<\/p>\n<p>Yubico kom med rapport som var helt i linje med det f\u00f6rhandsbesked som fick aktien p\u00e5 fall i oktober. Aktien lyfter 4 procent. <\/p>\n<p>Wall Street i\u202fg\u00e5r<br \/>S&amp;P 500: +0,2%<br \/>Nasdaq: \u22120,3%<br \/>Dow Jones: +1,2%<\/p>\n<p>Omni \u00e4r politiskt obundna och oberoende. Vi str\u00e4var efter att ge fler perspektiv p\u00e5 nyheterna. Har du fr\u00e5gor eller synpunkter kring v\u00e5r rapportering? <a href=\"https:\/\/omni.se\/fortsatt-muntert-infor-borsoppning\/a\/mailto:redaktion@omni.se\" class=\"ArticleActions_contactLink__W2F1M\" rel=\"nofollow noopener\" target=\"_blank\">Kontakta redaktionen<\/a><\/p>\n","protected":false},"excerpt":{"rendered":"Stockholmsb\u00f6rsen har startat dagen med en uppg\u00e5ng. Klockan 10.35 ser det ut s\u00e5 h\u00e4r: \u2022 OMXSPI: +0,3%\u2022 OMXS30:&hellip;\n","protected":false},"author":2,"featured_media":78537,"comment_status":"","ping_status":"","sticky":false,"template":"","format":"standard","meta":{"footnotes":""},"categories":[65],"tags":[6908,72,70,71,1329,1328,34,467,31,33,32,30,827],"class_list":{"0":"post-78536","1":"post","2":"type-post","3":"status-publish","4":"format-standard","5":"has-post-thumbnail","7":"category-ekonomi","8":"tag-astor","9":"tag-business","10":"tag-economy","11":"tag-ekonomi","12":"tag-samhallsbyggnadsbolaget","13":"tag-sbb","14":"tag-se","15":"tag-stockholmsborsen","16":"tag-svenska","17":"tag-sverige","18":"tag-sweden","19":"tag-swedish","20":"tag-yubico"},"share_on_mastodon":{"url":"https:\/\/pubeurope.com\/@se\/115536203883866856","error":""},"_links":{"self":[{"href":"https:\/\/www.europesays.com\/se\/wp-json\/wp\/v2\/posts\/78536","targetHints":{"allow":["GET"]}}],"collection":[{"href":"https:\/\/www.europesays.com\/se\/wp-json\/wp\/v2\/posts"}],"about":[{"href":"https:\/\/www.europesays.com\/se\/wp-json\/wp\/v2\/types\/post"}],"author":[{"embeddable":true,"href":"https:\/\/www.europesays.com\/se\/wp-json\/wp\/v2\/users\/2"}],"replies":[{"embeddable":true,"href":"https:\/\/www.europesays.com\/se\/wp-json\/wp\/v2\/comments?post=78536"}],"version-history":[{"count":0,"href":"https:\/\/www.europesays.com\/se\/wp-json\/wp\/v2\/posts\/78536\/revisions"}],"wp:featuredmedia":[{"embeddable":true,"href":"https:\/\/www.europesays.com\/se\/wp-json\/wp\/v2\/media\/78537"}],"wp:attachment":[{"href":"https:\/\/www.europesays.com\/se\/wp-json\/wp\/v2\/media?parent=78536"}],"wp:term":[{"taxonomy":"category","embeddable":true,"href":"https:\/\/www.europesays.com\/se\/wp-json\/wp\/v2\/categories?post=78536"},{"taxonomy":"post_tag","embeddable":true,"href":"https:\/\/www.europesays.com\/se\/wp-json\/wp\/v2\/tags?post=78536"}],"curies":[{"name":"wp","href":"https:\/\/api.w.org\/{rel}","templated":true}]}}