{"id":78538,"date":"2025-11-12T10:16:25","date_gmt":"2025-11-12T10:16:25","guid":{"rendered":"https:\/\/www.europesays.com\/se\/78538\/"},"modified":"2025-11-12T10:16:25","modified_gmt":"2025-11-12T10:16:25","slug":"tv4-nu-kommer-snon-expressen","status":"publish","type":"post","link":"https:\/\/www.europesays.com\/se\/78538\/","title":{"rendered":"TV4: Nu kommer sn\u00f6n &#8211; Expressen"},"content":{"rendered":"<ol>\n<li><a href=\"https:\/\/news.google.com\/rss\/articles\/CBMilwFBVV95cUxNVzMwODRYeGJyT3lTRmVHSmVZQXowdkY1SndSX01yb01nLVFtVUFRcDY0dUVRcmstSTVfM1Z2Z19hdEtnTW9BZDZuSmZXQ25uUXY5bWpwWmhPMUROVGk1dC1pQVllWEYxYVNQbjluNzdEZ19ERnRfYWhNN3Bhbkc5UmRZYjR4UVhNOWlpSTMycWhfWFZRdnZB?oc=5\" target=\"_blank\" rel=\"nofollow noopener\">TV4: Nu kommer sn\u00f6n<\/a>&nbsp;&nbsp;Expressen<\/li>\n<li><a href=\"https:\/\/news.google.com\/rss\/articles\/CBMipgFBVV95cUxObE1OMjFMOVJaa04tcWdZWGtiZVdUNE01VHQxdVlBSll2T0gyeXZIV0VCUzdsRGQzSHE0UXBJak5PY2E5MUg2cEVydW1acmZIQi1JNlczWWdsOFJ5S1ppeGRYV3U5UnVPWlFXMlFwNlpwUHVmUktzRl93RWhDcHpMRjRENm1HMnB6VjJyWGtCajI0YURfMndLRVFiOFZpY2ZGbjFHWE9R?oc=5\" target=\"_blank\" rel=\"nofollow noopener\">Nu sl\u00e5r den arktiska kylan till: \u201dKan bli 20 minusgrader\u201d<\/a>&nbsp;&nbsp;Aftonbladet<\/li>\n<li><a href=\"https:\/\/news.google.com\/rss\/articles\/CBMihgFBVV95cUxObTA4TGJDV1RZeXhiMkhScU5wVnRFNml6ay1xbG1SYllOb0pWZVNUbDFuc0JQZWdCTm83MGFjZWRIZmJta1pEbjBWTHpfNmFyaTFGYU4xamhYSzh3eDFlVjIxUnRYY3R5N0NqSmFHenM1WGh0di1tM0pRaUhXY2hrVHFFdTcyUQ?oc=5\" target=\"_blank\" rel=\"nofollow noopener\">H\u00e4r kommer det sn\u00f6 i veckan: \u201dNu sm\u00e4ller det\u201d<\/a>&nbsp;&nbsp;TV4 Nyheterna<\/li>\n<li><a href=\"https:\/\/news.google.com\/rss\/articles\/CBMirgFBVV95cUxOazI5eWFfX2p6U0tCWWd6Zm1tZ210cHZTckdPWS1NdFgxQ3NOaHE5djltTFZnczRlVzhOQng5OVgtU1VPd01oS3BzSVJ5VWM1Zmt0Q3BDNG5TWU5XMTFtZkFROXMtazJqVEhDU3B0a0d2Q0RCYmtwYWVvRV9zcWpCWWR3RlRwOEpTRjFEbEU3a05UX3BsNWVydDRVYllyTlNBbVk3QjM1RkpmVHd4OGc?oc=5\" target=\"_blank\" rel=\"nofollow noopener\">Slut p\u00e5 h\u00f6strusket \u2013 d\u00e5 kan f\u00f6rsta sn\u00f6n falla: \u201dKlarare och krispigare dygn v\u00e4ntar\u201d<\/a>&nbsp;&nbsp;NLT<\/li>\n<li><a href=\"https:\/\/news.google.com\/rss\/articles\/CBMifkFVX3lxTE96cjR3VTBaQmtXLXpTSGdTTUlnTzV4bTJkUFhKZ25Ld2tDdmktSXJPUENsUWt4YnM4bklzb2lwWWRjYkRHeDBHSUp0WTBDcU1mNUl6bXAwSm5za3lkMDlKOVhvS1M5RGxudFdtLTJTUm1EbU93VUQzSFdscThpdw?oc=5\" target=\"_blank\" rel=\"nofollow noopener\">Balja med kyla v\u00e4lts \u00f6ver Sverige: \u201dNu sm\u00e4ller det\u201d<\/a>&nbsp;&nbsp;Omni<\/li>\n<\/ol>\n","protected":false},"excerpt":{"rendered":"TV4: Nu kommer sn\u00f6n&nbsp;&nbsp;Expressen Nu sl\u00e5r den arktiska kylan till: \u201dKan bli 20 minusgrader\u201d&nbsp;&nbsp;Aftonbladet H\u00e4r kommer det sn\u00f6&hellip;\n","protected":false},"author":2,"featured_media":62410,"comment_status":"","ping_status":"","sticky":false,"template":"","format":"standard","meta":{"footnotes":""},"categories":[12],"tags":[22,23,26,27,35,17,21,24,25,28,29,15,16,18,34,31,33,32,30,19,20],"class_list":{"0":"post-78538","1":"post","2":"type-post","3":"status-publish","4":"format-standard","5":"has-post-thumbnail","7":"category-sverige","8":"tag-breaking-news","9":"tag-breakingnews","10":"tag-featured-news","11":"tag-featurednews","12":"tag-function-ta-bort-ai-rost","13":"tag-headlines","14":"tag-huvudnyheter","15":"tag-latest-news","16":"tag-latestnews","17":"tag-main-news","18":"tag-mainnews","19":"tag-news","20":"tag-nyheter","21":"tag-rubriker","22":"tag-se","23":"tag-svenska","24":"tag-sverige","25":"tag-sweden","26":"tag-swedish","27":"tag-top-stories","28":"tag-topstories"},"share_on_mastodon":{"url":"https:\/\/pubeurope.com\/@se\/115536211691375745","error":""},"_links":{"self":[{"href":"https:\/\/www.europesays.com\/se\/wp-json\/wp\/v2\/posts\/78538","targetHints":{"allow":["GET"]}}],"collection":[{"href":"https:\/\/www.europesays.com\/se\/wp-json\/wp\/v2\/posts"}],"about":[{"href":"https:\/\/www.europesays.com\/se\/wp-json\/wp\/v2\/types\/post"}],"author":[{"embeddable":true,"href":"https:\/\/www.europesays.com\/se\/wp-json\/wp\/v2\/users\/2"}],"replies":[{"embeddable":true,"href":"https:\/\/www.europesays.com\/se\/wp-json\/wp\/v2\/comments?post=78538"}],"version-history":[{"count":0,"href":"https:\/\/www.europesays.com\/se\/wp-json\/wp\/v2\/posts\/78538\/revisions"}],"wp:featuredmedia":[{"embeddable":true,"href":"https:\/\/www.europesays.com\/se\/wp-json\/wp\/v2\/media\/62410"}],"wp:attachment":[{"href":"https:\/\/www.europesays.com\/se\/wp-json\/wp\/v2\/media?parent=78538"}],"wp:term":[{"taxonomy":"category","embeddable":true,"href":"https:\/\/www.europesays.com\/se\/wp-json\/wp\/v2\/categories?post=78538"},{"taxonomy":"post_tag","embeddable":true,"href":"https:\/\/www.europesays.com\/se\/wp-json\/wp\/v2\/tags?post=78538"}],"curies":[{"name":"wp","href":"https:\/\/api.w.org\/{rel}","templated":true}]}}