{"id":78539,"date":"2025-11-12T10:19:39","date_gmt":"2025-11-12T10:19:39","guid":{"rendered":"https:\/\/www.europesays.com\/se\/78539\/"},"modified":"2025-11-12T10:19:39","modified_gmt":"2025-11-12T10:19:39","slug":"8-sidor-fler-rostade-i-irak","status":"publish","type":"post","link":"https:\/\/www.europesays.com\/se\/78539\/","title":{"rendered":"8 Sidor &#8211; Fler r\u00f6stade i Irak"},"content":{"rendered":"<p>Iraks ledare Mohammed Shia al-Sudani p\u00e5 dagen f\u00f6r valet. Foto: Hadi Mizban\/AP\/TT<\/p>\n<p>Det har varit val<br \/>till riksdagen i landet Irak.<\/p>\n<p>M\u00e5nga fler r\u00f6stade i \u00e5rets val<br \/>j\u00e4mf\u00f6rt med f\u00f6rra valet.<br \/>Det visar unders\u00f6kningar.<\/p>\n<p>21 miljoner m\u00e4nniskor<br \/>hade r\u00e4tt att r\u00f6sta.<br \/>Lite fler \u00e4n h\u00e4lften av dem<br \/>kom f\u00f6r att r\u00f6sta,<br \/>55 procent.<\/p>\n<p>I f\u00f6rra valet \u00e5r 2021<br \/>r\u00f6stade ungef\u00e4r 40 procent<br \/>av folket.<\/p>\n<p>Det \u00e4r inte klart \u00e4n<br \/>vilka partier<br \/>som har f\u00e5tt flest r\u00f6ster i valet.<\/p>\n<p>M\u00e5nga tror att Iraks ledare<br \/>Mohammed Shia al-Sudani<br \/>och hans parti<br \/>f\u00e5r forts\u00e4tta att styra landet.<\/p>\n<p>De samarbetar just nu<br \/>med flera andra partier<br \/>i regeringen.<\/p>\n<p>Men det \u00e4r inte klart \u00e4n<br \/>om partierna som styr i dag<br \/>kommer att f\u00e5<br \/>tillr\u00e4ckligt m\u00e5nga r\u00f6ster<br \/>i \u00e5rets val.<\/p>\n<p>8 SIDOR\/TT<\/p>\n<ul>\n<li>Irak har haft<br \/>demokratiska val<br \/>sedan \u00e5r 2005.<\/li>\n<li>Men f\u00e5 m\u00e4nniskor<br \/>brukar r\u00f6sta i valen.<\/li>\n<li>Landet har stora problem.<br \/>M\u00e5nga \u00e4r fattiga och<br \/>det finns f\u00e5 jobb.<br \/>Det har ocks\u00e5 varit<br \/>mycket v\u00e5ld i landet.<\/li>\n<li>M\u00e5nga m\u00e4nniskor litar inte<br \/>p\u00e5 landets politiker.<br \/>Det har varit mycket br\u00e5k<br \/>i politiken.<br \/>Det \u00e4r ocks\u00e5 mycket fusk<br \/>med pengar bland politiker<br \/>och rika m\u00e4nniskor.<\/li>\n<\/ul>\n","protected":false},"excerpt":{"rendered":"Iraks ledare Mohammed Shia al-Sudani p\u00e5 dagen f\u00f6r valet. Foto: Hadi Mizban\/AP\/TT Det har varit valtill riksdagen i&hellip;\n","protected":false},"author":2,"featured_media":78540,"comment_status":"","ping_status":"","sticky":false,"template":"","format":"standard","meta":{"footnotes":""},"categories":[5],"tags":[22,23,26,27,17,21,24,25,28,29,15,16,18,34,31,33,32,30,19,20],"class_list":{"0":"post-78539","1":"post","2":"type-post","3":"status-publish","4":"format-standard","5":"has-post-thumbnail","7":"category-rubriker","8":"tag-breaking-news","9":"tag-breakingnews","10":"tag-featured-news","11":"tag-featurednews","12":"tag-headlines","13":"tag-huvudnyheter","14":"tag-latest-news","15":"tag-latestnews","16":"tag-main-news","17":"tag-mainnews","18":"tag-news","19":"tag-nyheter","20":"tag-rubriker","21":"tag-se","22":"tag-svenska","23":"tag-sverige","24":"tag-sweden","25":"tag-swedish","26":"tag-top-stories","27":"tag-topstories"},"share_on_mastodon":{"url":"https:\/\/pubeurope.com\/@se\/115536223458018143","error":""},"_links":{"self":[{"href":"https:\/\/www.europesays.com\/se\/wp-json\/wp\/v2\/posts\/78539","targetHints":{"allow":["GET"]}}],"collection":[{"href":"https:\/\/www.europesays.com\/se\/wp-json\/wp\/v2\/posts"}],"about":[{"href":"https:\/\/www.europesays.com\/se\/wp-json\/wp\/v2\/types\/post"}],"author":[{"embeddable":true,"href":"https:\/\/www.europesays.com\/se\/wp-json\/wp\/v2\/users\/2"}],"replies":[{"embeddable":true,"href":"https:\/\/www.europesays.com\/se\/wp-json\/wp\/v2\/comments?post=78539"}],"version-history":[{"count":0,"href":"https:\/\/www.europesays.com\/se\/wp-json\/wp\/v2\/posts\/78539\/revisions"}],"wp:featuredmedia":[{"embeddable":true,"href":"https:\/\/www.europesays.com\/se\/wp-json\/wp\/v2\/media\/78540"}],"wp:attachment":[{"href":"https:\/\/www.europesays.com\/se\/wp-json\/wp\/v2\/media?parent=78539"}],"wp:term":[{"taxonomy":"category","embeddable":true,"href":"https:\/\/www.europesays.com\/se\/wp-json\/wp\/v2\/categories?post=78539"},{"taxonomy":"post_tag","embeddable":true,"href":"https:\/\/www.europesays.com\/se\/wp-json\/wp\/v2\/tags?post=78539"}],"curies":[{"name":"wp","href":"https:\/\/api.w.org\/{rel}","templated":true}]}}