{"id":78553,"date":"2025-11-12T10:38:09","date_gmt":"2025-11-12T10:38:09","guid":{"rendered":"https:\/\/www.europesays.com\/se\/78553\/"},"modified":"2025-11-12T10:38:09","modified_gmt":"2025-11-12T10:38:09","slug":"har-ar-pavens-fyra-favoritfilmer","status":"publish","type":"post","link":"https:\/\/www.europesays.com\/se\/78553\/","title":{"rendered":"H\u00e4r \u00e4r p\u00e5vens fyra favoritfilmer"},"content":{"rendered":"<p class=\"kicker tertiary color_mobile_tertiary\" style=\"\">Kultur<\/p>\n<p>    Sound of music en av favoriterna n\u00e4r Vatikanen sl\u00e4pper Leo XIV:s topplista<\/p>\n<p>\n        P\u00e5ve Leo XIV har g\u00e5tt ut med sina fyra favoritfilmer<br \/>\n        TT\n    <\/p>\n<p>    Vad har filmerna Livet \u00e4r underbart, Ordinary People,\u00a0och Sound of Music gemensamt? Alla finns de bland p\u00e5vens favoritfilmer. P\u00e5ve Leo XIV bjuder nu dessutom in regiss\u00f6rer och sk\u00e5despelare till Vatikanen.<\/p>\n","protected":false},"excerpt":{"rendered":"Kultur Sound of music en av favoriterna n\u00e4r Vatikanen sl\u00e4pper Leo XIV:s topplista P\u00e5ve Leo XIV har g\u00e5tt&hellip;\n","protected":false},"author":2,"featured_media":78554,"comment_status":"","ping_status":"","sticky":false,"template":"","format":"standard","meta":{"footnotes":""},"categories":[14],"tags":[22,23,26,27,17,21,24,25,28,29,15,16,18,34,31,33,32,30,19,20,51,52,53,54],"class_list":{"0":"post-78553","1":"post","2":"type-post","3":"status-publish","4":"format-standard","5":"has-post-thumbnail","7":"category-varlden","8":"tag-breaking-news","9":"tag-breakingnews","10":"tag-featured-news","11":"tag-featurednews","12":"tag-headlines","13":"tag-huvudnyheter","14":"tag-latest-news","15":"tag-latestnews","16":"tag-main-news","17":"tag-mainnews","18":"tag-news","19":"tag-nyheter","20":"tag-rubriker","21":"tag-se","22":"tag-svenska","23":"tag-sverige","24":"tag-sweden","25":"tag-swedish","26":"tag-top-stories","27":"tag-topstories","28":"tag-varlden","29":"tag-world","30":"tag-world-news","31":"tag-worldnews"},"share_on_mastodon":{"url":"https:\/\/pubeurope.com\/@se\/115536298177653114","error":""},"_links":{"self":[{"href":"https:\/\/www.europesays.com\/se\/wp-json\/wp\/v2\/posts\/78553","targetHints":{"allow":["GET"]}}],"collection":[{"href":"https:\/\/www.europesays.com\/se\/wp-json\/wp\/v2\/posts"}],"about":[{"href":"https:\/\/www.europesays.com\/se\/wp-json\/wp\/v2\/types\/post"}],"author":[{"embeddable":true,"href":"https:\/\/www.europesays.com\/se\/wp-json\/wp\/v2\/users\/2"}],"replies":[{"embeddable":true,"href":"https:\/\/www.europesays.com\/se\/wp-json\/wp\/v2\/comments?post=78553"}],"version-history":[{"count":0,"href":"https:\/\/www.europesays.com\/se\/wp-json\/wp\/v2\/posts\/78553\/revisions"}],"wp:featuredmedia":[{"embeddable":true,"href":"https:\/\/www.europesays.com\/se\/wp-json\/wp\/v2\/media\/78554"}],"wp:attachment":[{"href":"https:\/\/www.europesays.com\/se\/wp-json\/wp\/v2\/media?parent=78553"}],"wp:term":[{"taxonomy":"category","embeddable":true,"href":"https:\/\/www.europesays.com\/se\/wp-json\/wp\/v2\/categories?post=78553"},{"taxonomy":"post_tag","embeddable":true,"href":"https:\/\/www.europesays.com\/se\/wp-json\/wp\/v2\/tags?post=78553"}],"curies":[{"name":"wp","href":"https:\/\/api.w.org\/{rel}","templated":true}]}}