{"id":78572,"date":"2025-11-12T11:11:43","date_gmt":"2025-11-12T11:11:43","guid":{"rendered":"https:\/\/www.europesays.com\/se\/78572\/"},"modified":"2025-11-12T11:11:43","modified_gmt":"2025-11-12T11:11:43","slug":"kan-magiska-svampar-bota-anorexi-lundagard-se","status":"publish","type":"post","link":"https:\/\/www.europesays.com\/se\/78572\/","title":{"rendered":"Kan magiska svampar bota anorexi? \u2013 Lundagard.se"},"content":{"rendered":"<p style=\"font-family: 'pragmatica', sans-serif;\">&#13;<br \/>\n                        <b>&#13;<br \/>\n                            Lundaforskare ska behandla anorexipatienter med psykedelika i hopp om att bryta det destruktiva kontrollbehovet som k\u00e4nnetecknar sjukdomen. \u2013 Om man ist\u00e4llet kan bli kompis med sin kropp och sl\u00e4ppa lite av kontrollen, d\u00e5 har man kommit l\u00e5ngt, s\u00e4ger forskningsledaren Pouya Movahed Rad.                         <\/b>&#13;\n                    <\/p>\n<p class=\"p1\">Anorexi \u00e4r en \u00e4tst\u00f6rning som k\u00e4nnetecknas av sj\u00e4lvsv\u00e4lt, tv\u00e5ngsm\u00e4ssighet och rigiditet. Effektiva behandlingar som inte fokuserar p\u00e5 mat saknas idag. Unga drabbas ofta av sjukdomen och konsekvenserna kan vara l\u00e5ngvariga. <\/p>\n<p class=\"p2\">\u2013 Patienter med anorexi fastnar ofta i sj\u00e4lvf\u00f6rakt, kalorir\u00e4kning och behovet av kontroll \u00f6ver kroppen, f\u00f6rklarar Pouya Movahed Rad. <\/p>\n<p class=\"p2\">Det narkotikaklassade och hallucinogena \u00e4mnet psilocybin, som framst\u00e4lls ur vissa svamparter, ska i en ny studie testas som behandling mot anorexi. Ledare f\u00f6r studien \u00e4r Pouya Movahed Rad, docent och \u00f6verl\u00e4kare inom psykiatri vid Lunds universitet. <\/p>\n<p class=\"p2\">\u2013 Den nuvarande v\u00e5rden fokuserar mycket p\u00e5 viktuppg\u00e5ng, vilket m\u00e5nga patienter upplever som obehagligt. Om man ist\u00e4llet kan bli kompis med sin kropp, och sl\u00e4ppa lite av kontrollen, d\u00e5 har man kommit l\u00e5ngt, s\u00e4ger han.<\/p>\n<p class=\"p1\"><strong>Just psilocybin valdes<\/strong> f\u00f6r sin s\u00e4kerhet i kontrollerad milj\u00f6 och effekt p\u00e5 hj\u00e4rnans flexibilitet. Pouya Movahed Rad beskriver det som att \u00e4mnet g\u00f6r hj\u00e4rnan \u201cmer pratglad\u201d: Omr\u00e5den som annars arbetar var f\u00f6r sig b\u00f6rjar kommunicera, som om man tog bort brandv\u00e4ggarna i ett datorn\u00e4tverk.<\/p>\n<p class=\"p2\">F\u00f6rhoppningen \u00e4r att kunna se m\u00e4rkbara f\u00f6rb\u00e4ttringar av patienternas tillst\u00e5nd med hj\u00e4lp av l\u00e4kemedlet. Om de slutar g\u00e5 ner i vikt eller till och med b\u00f6rjar g\u00e5 upp, klarar skolan eller slutar vara upptagna av mat, d\u00e5 \u00e4r effekten p\u00e5taglig.<\/p>\n<p class=\"p2\">\u2013 Det kan vara en omtumlande upplevelse, ibland sv\u00e5r att s\u00e4tta ord p\u00e5 och m\u00e5nga kan k\u00e4nna en tillf\u00e4llig l\u00e4ttnad. Po\u00e4ngen \u00e4r inte k\u00e4nslan d\u00e4r och d\u00e5, utan om n\u00e5got f\u00f6r\u00e4ndras efter\u00e5t: om man faktiskt blir friskare och b\u00f6rjar fungera b\u00e4ttre, ber\u00e4ttar Pouya Movahed Rad.<\/p>\n<p class=\"p1\"><strong>Studien har godk\u00e4nts av<\/strong> b\u00e5de Etikpr\u00f6vningsmyndigheten och L\u00e4kemedelsverket och riktar sig till personer mellan 16 och 35 \u00e5r med diagnosen anorexia nervosa. I det f\u00f6rsta skedet inkluderas endast deltagare \u00f6ver 18 \u00e5r. Godk\u00e4nnandet omfattar m\u00f6jligheten att inkludera minder\u00e5riga, men f\u00f6rst efter att vuxna patienter behandlats och resultaten granskats av en extern s\u00e4kerhetskommitt\u00e9.<\/p>\n<p class=\"p2\">\u2013 Att f\u00f6r s\u00e4kerhets skull utesluta personer under 18 kan k\u00e4nnas som det s\u00e4kra valet, men det \u00e4r i sig ett etiskt st\u00e4llningstagande. Om det finns en potentiellt verksam behandling f\u00f6r en grupp som drabbas s\u00e4rskilt h\u00e5rt, m\u00e5ste vi som forskare kunna motivera varf\u00f6r de inte ska ges samma m\u00f6jlighet. Etiska beslut b\u00f6r vila p\u00e5 \u00f6verv\u00e4ganden, inte p\u00e5 k\u00e4nslor, s\u00e4ger Pouya Movahed Rad.<\/p>\n<p class=\"p2\">Patienterna f\u00f6rbereds noggrant inf\u00f6r varje session, med tv\u00e5 inledande samtal tillsammans med sina terapeuter, en man och en kvinna. D\u00e5 g\u00e5r man igenom vad som f\u00f6rv\u00e4ntas, s\u00e4kerhetsaspekter och hur man kan hantera olika situationer som kan uppst\u00e5.<\/p>\n<p class=\"p2\">\u2013 N\u00e4r man tar substansen befinner man sig i ett \u00f6ppet och k\u00e4nslom\u00e4ssigt tillst\u00e5nd. Det \u00e4r inte farligt, men det kr\u00e4ver trygghet och det \u00e4r v\u00e5rt ansvar att skapa den, ber\u00e4ttar han.<\/p>\n<p class=\"p2\">Biverkningar som illam\u00e5ende och f\u00f6rh\u00f6jt blodtryck kan f\u00f6rekomma, men deltagarna v\u00e4ljs noggrant f\u00f6r att minimera riskerna.<\/p>\n<p class=\"p2\">\u2013 Vi doserar tv\u00e5 g\u00e5nger med fyra veckors mellanrum och noggrann uppf\u00f6ljning mellan sessionerna. M\u00e5let \u00e4r att minska risken f\u00f6r \u00e5terfall, f\u00f6rklarar Pouya Movahed Rad.<\/p>\n<p class=\"p2\"><strong>Sj\u00e4lva doseringen p\u00e5g\u00e5r<\/strong> i flera timmar, ibland upp till sju-\u00e5tta, \u00e4ven om det s\u00e4llan varar s\u00e5 l\u00e4nge. Efter sessionen f\u00f6ljer tv\u00e5 s\u00e5 kallade integrationssamtal. Behandlingen best\u00e5r inte bara av ruset som psilocybinet ger. Reflektionen efter\u00e5t \u00e4r minst lika viktig.<\/p>\n<p class=\"p2\">\u2013 Psilocybinet fungerar som en katalysator. M\u00e5nga har l\u00e4nge levt med ett rigitt tankem\u00f6nster och det kan vara sv\u00e5rt att ta sig ur det p\u00e5 egen hand. Det viktiga \u00e4r upplevelsen hos patienten, den inre resan som sker, s\u00e4ger han.<\/p>\n<p class=\"p1\">Tidsplanen \u00e4r l\u00e5ng, men n\u00f6dv\u00e4ndig. M\u00e5let \u00e4r att slutf\u00f6ra f\u00f6rstudien 2027. <\/p>\n<p class=\"p2\">\u2013 Det kommer att ta tid innan detta kan anv\u00e4ndas som alternativ behandling, kanske fem till tio \u00e5r. Det saknas inte id\u00e9er eller kompetens, utan det \u00e4r allt runtomkring som tar tid. Bara att importera svamparna tog m\u00e5nader, avslutar Pouya Movahed Rad.<\/p>\n<p class=\"p2\">Studien har f\u00e5tt alla n\u00f6dv\u00e4ndiga godk\u00e4nnanden, men \u00e4nnu har inga behandlingar genomf\u00f6rts. Nu v\u00e4ntar fokusgrupper med patienter och anh\u00f6riga f\u00f6r att diskutera f\u00f6rv\u00e4ntningar och orosmoment. De f\u00f6rsta behandlingarna planeras att starta inom en till tv\u00e5 m\u00e5nader.<\/p>\n<p>Artikeln publicerades f\u00f6rst i Lundag\u00e5rd #7 2025. L\u00e4s hela tidningen i digitalt format <a href=\"https:\/\/issuu.com\/lundagard.se\/docs\/p_jakt\" rel=\"nofollow noopener\" target=\"_blank\">h\u00e4r<\/a>.<\/p>\n","protected":false},"excerpt":{"rendered":"&#13; &#13; Lundaforskare ska behandla anorexipatienter med psykedelika i hopp om att bryta det destruktiva kontrollbehovet som k\u00e4nnetecknar&hellip;\n","protected":false},"author":2,"featured_media":78573,"comment_status":"","ping_status":"","sticky":false,"template":"","format":"standard","meta":{"footnotes":""},"categories":[69],"tags":[113,112,34,31,33,32,30],"class_list":{"0":"post-78572","1":"post","2":"type-post","3":"status-publish","4":"format-standard","5":"has-post-thumbnail","7":"category-halsa","8":"tag-halsa","9":"tag-health","10":"tag-se","11":"tag-svenska","12":"tag-sverige","13":"tag-sweden","14":"tag-swedish"},"share_on_mastodon":{"url":"https:\/\/pubeurope.com\/@se\/115536427995732571","error":""},"_links":{"self":[{"href":"https:\/\/www.europesays.com\/se\/wp-json\/wp\/v2\/posts\/78572","targetHints":{"allow":["GET"]}}],"collection":[{"href":"https:\/\/www.europesays.com\/se\/wp-json\/wp\/v2\/posts"}],"about":[{"href":"https:\/\/www.europesays.com\/se\/wp-json\/wp\/v2\/types\/post"}],"author":[{"embeddable":true,"href":"https:\/\/www.europesays.com\/se\/wp-json\/wp\/v2\/users\/2"}],"replies":[{"embeddable":true,"href":"https:\/\/www.europesays.com\/se\/wp-json\/wp\/v2\/comments?post=78572"}],"version-history":[{"count":0,"href":"https:\/\/www.europesays.com\/se\/wp-json\/wp\/v2\/posts\/78572\/revisions"}],"wp:featuredmedia":[{"embeddable":true,"href":"https:\/\/www.europesays.com\/se\/wp-json\/wp\/v2\/media\/78573"}],"wp:attachment":[{"href":"https:\/\/www.europesays.com\/se\/wp-json\/wp\/v2\/media?parent=78572"}],"wp:term":[{"taxonomy":"category","embeddable":true,"href":"https:\/\/www.europesays.com\/se\/wp-json\/wp\/v2\/categories?post=78572"},{"taxonomy":"post_tag","embeddable":true,"href":"https:\/\/www.europesays.com\/se\/wp-json\/wp\/v2\/tags?post=78572"}],"curies":[{"name":"wp","href":"https:\/\/api.w.org\/{rel}","templated":true}]}}