{"id":78594,"date":"2025-11-12T11:36:46","date_gmt":"2025-11-12T11:36:46","guid":{"rendered":"https:\/\/www.europesays.com\/se\/78594\/"},"modified":"2025-11-12T11:36:46","modified_gmt":"2025-11-12T11:36:46","slug":"finns-lite-ljus-och-lite-hopp","status":"publish","type":"post","link":"https:\/\/www.europesays.com\/se\/78594\/","title":{"rendered":"Finns lite ljus och lite hopp"},"content":{"rendered":"<p>Ekonomin g\u00e5r mot b\u00e4ttre tider, \u00e4ven om det fortfarande finns os\u00e4kerheter i b\u00e5de Sverige och i l\u00e4nder som vi \u00e4r beroende av. Det s\u00e4ger finansminister Elisabeth Svantesson (M) p\u00e5 en presstr\u00e4ff.<\/p>\n<p>\u2013 Det finns lite ljus och lite hopp.<\/p>\n<p>Hon betonar bland annat att den senaste BNP-indikatorn pekar \u00e5t r\u00e4tt h\u00e5ll och att hush\u00e5llens konsumtion \u00f6kar. Samtidigt understryker hon att det finns m\u00e5nga risker, inte minst vad g\u00e4ller energipriserna.<\/p>\n<p>Omni \u00e4r politiskt obundna och oberoende. Vi str\u00e4var efter att ge fler perspektiv p\u00e5 nyheterna. Har du fr\u00e5gor eller synpunkter kring v\u00e5r rapportering? <a href=\"https:\/\/omni.se\/svantesson-om-ekonomin-lite-ljus-och-lite-hopp\/a\/mailto:redaktion@omni.se\" class=\"ArticleActions_contactLink__W2F1M\" rel=\"nofollow noopener\" target=\"_blank\">Kontakta redaktionen<\/a><\/p>\n","protected":false},"excerpt":{"rendered":"Ekonomin g\u00e5r mot b\u00e4ttre tider, \u00e4ven om det fortfarande finns os\u00e4kerheter i b\u00e5de Sverige och i l\u00e4nder som&hellip;\n","protected":false},"author":2,"featured_media":78595,"comment_status":"","ping_status":"","sticky":false,"template":"","format":"standard","meta":{"footnotes":""},"categories":[65],"tags":[72,70,71,805,324,589,551,369,34,31,33,32,30],"class_list":{"0":"post-78594","1":"post","2":"type-post","3":"status-publish","4":"format-standard","5":"has-post-thumbnail","7":"category-ekonomi","8":"tag-business","9":"tag-economy","10":"tag-ekonomi","11":"tag-elisabeth-svantesson","12":"tag-makroekonomi","13":"tag-makrostatistik","14":"tag-moderaterna","15":"tag-politik","16":"tag-se","17":"tag-svenska","18":"tag-sverige","19":"tag-sweden","20":"tag-swedish"},"share_on_mastodon":{"url":"https:\/\/pubeurope.com\/@se\/115536530194051189","error":""},"_links":{"self":[{"href":"https:\/\/www.europesays.com\/se\/wp-json\/wp\/v2\/posts\/78594","targetHints":{"allow":["GET"]}}],"collection":[{"href":"https:\/\/www.europesays.com\/se\/wp-json\/wp\/v2\/posts"}],"about":[{"href":"https:\/\/www.europesays.com\/se\/wp-json\/wp\/v2\/types\/post"}],"author":[{"embeddable":true,"href":"https:\/\/www.europesays.com\/se\/wp-json\/wp\/v2\/users\/2"}],"replies":[{"embeddable":true,"href":"https:\/\/www.europesays.com\/se\/wp-json\/wp\/v2\/comments?post=78594"}],"version-history":[{"count":0,"href":"https:\/\/www.europesays.com\/se\/wp-json\/wp\/v2\/posts\/78594\/revisions"}],"wp:featuredmedia":[{"embeddable":true,"href":"https:\/\/www.europesays.com\/se\/wp-json\/wp\/v2\/media\/78595"}],"wp:attachment":[{"href":"https:\/\/www.europesays.com\/se\/wp-json\/wp\/v2\/media?parent=78594"}],"wp:term":[{"taxonomy":"category","embeddable":true,"href":"https:\/\/www.europesays.com\/se\/wp-json\/wp\/v2\/categories?post=78594"},{"taxonomy":"post_tag","embeddable":true,"href":"https:\/\/www.europesays.com\/se\/wp-json\/wp\/v2\/tags?post=78594"}],"curies":[{"name":"wp","href":"https:\/\/api.w.org\/{rel}","templated":true}]}}