{"id":78598,"date":"2025-11-12T11:41:16","date_gmt":"2025-11-12T11:41:16","guid":{"rendered":"https:\/\/www.europesays.com\/se\/78598\/"},"modified":"2025-11-12T11:41:16","modified_gmt":"2025-11-12T11:41:16","slug":"lagenhetsbrand-i-upplands-vasby-i-stockholm-kvinna-gripen","status":"publish","type":"post","link":"https:\/\/www.europesays.com\/se\/78598\/","title":{"rendered":"L\u00e4genhetsbrand i Upplands V\u00e4sby i Stockholm \u2013 kvinna gripen"},"content":{"rendered":"<p><a data-test-tag=\"internal-link\" href=\"https:\/\/www.aftonbladet.se\/av\/beri-zangana-2\" class=\"hyperion-css-13ns1rr\" rel=\"nofollow noopener\" target=\"\" aria-label=\"Se alla artiklar av Beri Zangana\"><img decoding=\"async\" class=\"image-asset hyperion-css-n6kkq1\" data-test-tag=\"image-asset\" src=\"https:\/\/www.europesays.com\/se\/wp-content\/uploads\/2025\/11\/1762947676_861_630b0789-508e-4426-ac0e-f0a3067c84f6\"  alt=\"\"  loading=\"lazy\" fetchpriority=\"auto\" style=\"aspect-ratio:1900 \/ 1900\"\/><\/a><\/p>\n<p class=\"boxtextgrotesk-root_baa6 hyperion-css-7pajle\">Uppdaterad 08.14 | Publicerad 06.10<\/p>\n<p>share-arrowDela<\/p>\n<p>unsaveSpara<\/p>\n<p>expand-left<\/p>\n<p>helsk\u00e4rm<img decoding=\"async\" class=\"image-asset hyperion-css-u06ts1\" data-test-tag=\"image-asset\" src=\"https:\/\/www.europesays.com\/se\/wp-content\/uploads\/2025\/11\/1762947676_397_3ede8028-f66f-41fb-be4d-381b589a9a1f\"  alt=\"\"  loading=\"eager\" fetchpriority=\"high\" style=\"aspect-ratio:1200 \/ 719\"\/> Foto: L\u00e4sarbild<\/p>\n<p class=\"hyperion-css-1shl3oz\" data-test-tag=\"lead-text\">En kvinna t\u00e4nde eld p\u00e5 en l\u00e4genhet. <\/p>\n<p class=\"hyperion-css-1shl3oz\" data-test-tag=\"lead-text\">Sedan misst\u00e4nks hon ha stickskadat en annan kvinna som fick f\u00f6ras till sjukhus. <\/p>\n<p class=\"hyperion-css-1shl3oz\" data-test-tag=\"lead-text\">Den misst\u00e4nkta kvinnan kunde gripas under morgonen. <\/p>\n<p class=\"hyperion-css-1v9qo5x\">Polis och r\u00e4ddningstj\u00e4nst larmades tidigt i morse till <a data-test-tag=\"internal-link\" href=\"https:\/\/www.aftonbladet.se\/tagg\/upplands-vasby\" class=\"hyperion-css-15jkft9\" rel=\"nofollow noopener\" target=\"\" aria-label=\"Upplands V\u00e4sby\">Upplands V\u00e4sby<\/a> norr om <a data-test-tag=\"internal-link\" href=\"https:\/\/www.aftonbladet.se\/lokala-nyheter\/stockholm\" class=\"hyperion-css-15jkft9\" rel=\"nofollow noopener\" target=\"\" aria-label=\"Stockholm\">Stockholm<\/a>. D\u00e4r hade en kvinna blivit stickskadad av en annan kvinna. <\/p>\n<p class=\"hyperion-css-1v9qo5x\">\u2013 Vi fick samtal om att det brann i en l\u00e4genhet och att en kvinna stickskadats i anslutning till en tv\u00e4ttstuga, s\u00e4ger Per Fahlstr\u00f6m, presstalesperson hos polisen i region Stockholm. <\/p>\n<p class=\"hyperion-css-1v9qo5x\">Den skadade kvinnan fick f\u00f6ras till sjukhus med ambulans och hennes skador bed\u00f6mdes inte vara livshotande.<\/p>\n<p>Ska ha t\u00e4nt eld p\u00e5 l\u00e4genheten<\/p>\n<p class=\"hyperion-css-1v9qo5x\">Enligt r\u00e4ddningstj\u00e4nsten ska kvinnan ha t\u00e4nt eld p\u00e5 l\u00e4genheten vilket orsakade en fullt utvecklad brand tidigt under morgonen. Men n\u00e4r r\u00e4ddningstj\u00e4nsten kom fram till platsen var den misst\u00e4nkte kvinnan inte kvar. <\/p>\n<p class=\"hyperion-css-1v9qo5x\">Polisen jagade under morgonen kvinnan och vid klockan \u00e5tta meddelade dem att kvinnan hade gripits.<\/p>\n<p class=\"hyperion-css-1v9qo5x\">Tv\u00e5 brottsplatser har sp\u00e4rrats av i v\u00e4ntan p\u00e5 en teknisk unders\u00f6kning. F\u00f6rh\u00f6r med vittnen kommer ocks\u00e5 att h\u00e5llas.<\/p>\n<p class=\"hyperion-css-1v9qo5x\">En f\u00f6runders\u00f6kning om f\u00f6rs\u00f6k till mord och grov mordbrand har inletts.<\/p>\n","protected":false},"excerpt":{"rendered":"Uppdaterad 08.14 | Publicerad 06.10 share-arrowDela unsaveSpara expand-left helsk\u00e4rm Foto: L\u00e4sarbild En kvinna t\u00e4nde eld p\u00e5 en l\u00e4genhet.&hellip;\n","protected":false},"author":2,"featured_media":78361,"comment_status":"","ping_status":"","sticky":false,"template":"","format":"standard","meta":{"footnotes":""},"categories":[12],"tags":[22,23,26,27,17,21,24,25,28,29,15,16,18,34,31,33,32,30,19,20],"class_list":{"0":"post-78598","1":"post","2":"type-post","3":"status-publish","4":"format-standard","5":"has-post-thumbnail","7":"category-sverige","8":"tag-breaking-news","9":"tag-breakingnews","10":"tag-featured-news","11":"tag-featurednews","12":"tag-headlines","13":"tag-huvudnyheter","14":"tag-latest-news","15":"tag-latestnews","16":"tag-main-news","17":"tag-mainnews","18":"tag-news","19":"tag-nyheter","20":"tag-rubriker","21":"tag-se","22":"tag-svenska","23":"tag-sverige","24":"tag-sweden","25":"tag-swedish","26":"tag-top-stories","27":"tag-topstories"},"share_on_mastodon":{"url":"https:\/\/pubeurope.com\/@se\/115536546049657306","error":""},"_links":{"self":[{"href":"https:\/\/www.europesays.com\/se\/wp-json\/wp\/v2\/posts\/78598","targetHints":{"allow":["GET"]}}],"collection":[{"href":"https:\/\/www.europesays.com\/se\/wp-json\/wp\/v2\/posts"}],"about":[{"href":"https:\/\/www.europesays.com\/se\/wp-json\/wp\/v2\/types\/post"}],"author":[{"embeddable":true,"href":"https:\/\/www.europesays.com\/se\/wp-json\/wp\/v2\/users\/2"}],"replies":[{"embeddable":true,"href":"https:\/\/www.europesays.com\/se\/wp-json\/wp\/v2\/comments?post=78598"}],"version-history":[{"count":0,"href":"https:\/\/www.europesays.com\/se\/wp-json\/wp\/v2\/posts\/78598\/revisions"}],"wp:featuredmedia":[{"embeddable":true,"href":"https:\/\/www.europesays.com\/se\/wp-json\/wp\/v2\/media\/78361"}],"wp:attachment":[{"href":"https:\/\/www.europesays.com\/se\/wp-json\/wp\/v2\/media?parent=78598"}],"wp:term":[{"taxonomy":"category","embeddable":true,"href":"https:\/\/www.europesays.com\/se\/wp-json\/wp\/v2\/categories?post=78598"},{"taxonomy":"post_tag","embeddable":true,"href":"https:\/\/www.europesays.com\/se\/wp-json\/wp\/v2\/tags?post=78598"}],"curies":[{"name":"wp","href":"https:\/\/api.w.org\/{rel}","templated":true}]}}