{"id":78630,"date":"2025-11-12T12:16:11","date_gmt":"2025-11-12T12:16:11","guid":{"rendered":"https:\/\/www.europesays.com\/se\/78630\/"},"modified":"2025-11-12T12:16:11","modified_gmt":"2025-11-12T12:16:11","slug":"forvaltaren-minskar-i-saab-dumpar-ai-raketen-palantir","status":"publish","type":"post","link":"https:\/\/www.europesays.com\/se\/78630\/","title":{"rendered":"F\u00f6rvaltaren minskar i Saab \u2013 dumpar AI-raketen Palantir"},"content":{"rendered":"<p>Momentum i fokus<\/p>\n<p class=\"font-sans text-base text-text-main dark:text-text-main-dark font-normal leading-[1.4]\">Nyckeln till \u00f6veravkastningen \u00e4r att Pettersson har gjort en radikal oml\u00e4ggning av sin investeringsstrategi. I st\u00e4llet f\u00f6r att leta underv\u00e4rderade bolag i Grahams anda satsar han i dag p\u00e5 sektorer d\u00e4r bubbelvarningarna duggar t\u00e4tt.<\/p>\n<p class=\"font-sans text-base text-text-main dark:text-text-main-dark font-normal leading-[1.4]\">I fonden finns stora AI-namn som <strong>Nvidia<\/strong>, <strong>TSMC<\/strong>, <strong>Amazon<\/strong>, <strong>Microsoft<\/strong> och <strong>Alphabet<\/strong>. Men ocks\u00e5 kursraketer inom f\u00f6rsvarssektorn som <strong>Saab<\/strong>, <strong>Leonardo<\/strong> och <strong>Rheinmetall<\/strong>.<\/p>\n<p class=\"font-sans text-base text-text-main dark:text-text-main-dark font-normal leading-[1.4]\">&#8221;P\u00e5 80-talet handlade det om att lusl\u00e4sa balansr\u00e4kningar och hitta dolda v\u00e4rden. I dag \u00e4gnar jag mig \u00e5t momentum-f\u00f6rvaltning. Det har blivit viktigare och viktigare att f\u00f6rst\u00e5 vart fl\u00f6dena g\u00e5r&#8221;, s\u00e4ger Pettersson.<\/p>\n<p class=\"font-sans text-base text-text-main dark:text-text-main-dark font-normal leading-[1.4]\">Han menar att det v\u00e4xande antalet indexfonder i kombination med ETF:er och temabaserade fonder har f\u00f6r\u00e4ndrat f\u00f6ruts\u00e4ttningarna p\u00e5 marknaden. Finansmannen <strong>Christer Gardell<\/strong> har tidigare varit inne p\u00e5 samma linje och beskrivit indexfonder som <a class=\"text-primary-90 underline hover:text-primary-110 hover:no-underline\" href=\"https:\/\/www.affarsvarlden.se\/intervju\/christer-gardell-det-har-borjat-braka-ihop-borsen-har-blivit-rena-solvalla\" rel=\"nofollow noopener\" target=\"_blank\">&#8221;livsfarliga f\u00f6r aktiemarknaden&#8221;<\/a>, d\u00e5 de s\u00e4tter prismekanismen ur spel.<\/p>\n<p class=\"font-sans text-base text-text-main dark:text-text-main-dark font-normal leading-[1.4]\">&#8221;Vi ser nu till exempel hur det lanseras nya f\u00f6rsvarsfonder i snabb takt. \u00c4ven om v\u00e4rderingarna b\u00f6rjar bli f\u00f6r h\u00f6ga s\u00e5 stiger aktierna f\u00f6r att det finns fler k\u00f6pare \u00e4n s\u00e4ljare. Det \u00e4r s\u00e5dana fl\u00f6den jag f\u00f6rs\u00f6ker att f\u00f6rst\u00e5. Men nu n\u00e4r alla ska k\u00f6pa f\u00f6rsvar s\u00e5 s\u00e4ljer jag i st\u00e4llet&#8221;, s\u00e4ger Pettersson.<\/p>\n<p><img alt=\"Sdlpfyt2fcpqki Nh\" decoding=\"async\" data-nimg=\"fill\" class=\"rounded-2xl max-w-full\" style=\"position:absolute;height:100%;width:100%;left:0;top:0;right:0;bottom:0;color:transparent\"   src=\"https:\/\/www.europesays.com\/se\/wp-content\/uploads\/2025\/11\/1762949771_351_image\"\/>Jim Cramer har b\u00f6rsprogrammet &#8221;Man Money&#8221; p\u00e5 CNBC.<\/p>\n<p class=\"font-sans text-base text-text-main dark:text-text-main-dark font-normal leading-[1.4]\">F\u00f6rvaltaren uppger att han bland annat har halverat sina positioner i Saab och Rheinmetall, som har rusat 460% respektive 972% p\u00e5 tre \u00e5r.<\/p>\n<p class=\"font-sans text-base text-text-main dark:text-text-main-dark font-normal leading-[1.4]\">&#8221;L\u00e5ngsiktigt finns det fantastiska m\u00f6jligheter inom f\u00f6rsvarssektorn, men kanske har det g\u00e5tt lite f\u00f6r fort i m\u00e5nga bolag. Efter en s\u00e5 fantastisk kursresa kan det vara klokt att minska vikten s\u00e5 att det inte blir en f\u00f6r stor del av portf\u00f6ljen.&#8221;<\/p>\n<p class=\"font-sans text-base text-text-main dark:text-text-main-dark font-normal leading-[1.4]\">Pettersson betonar att han aldrig skulle l\u00e4mna Saab helt, d\u00e5 bolaget vinner order p\u00e5 l\u00f6pande band och intresset f\u00f6r att investera i sektorn bara v\u00e4xer. D\u00e4remot anser han att en portf\u00f6ljvikt p\u00e5 3% \u00e4r &#8221;ganska lagom&#8221;.<\/p>\n","protected":false},"excerpt":{"rendered":"Momentum i fokus Nyckeln till \u00f6veravkastningen \u00e4r att Pettersson har gjort en radikal oml\u00e4ggning av sin investeringsstrategi. I&hellip;\n","protected":false},"author":2,"featured_media":78631,"comment_status":"","ping_status":"","sticky":false,"template":"","format":"standard","meta":{"footnotes":""},"categories":[65],"tags":[735,1567,5233,72,70,71,6631,5040,6918,1206,758,1694,4676,2200,34,31,33,32,30,6919,6920,6917],"class_list":{"0":"post-78630","1":"post","2":"type-post","3":"status-publish","4":"format-standard","5":"has-post-thumbnail","7":"category-ekonomi","8":"tag-microsoft","9":"tag-alphabet","10":"tag-astrazeneca","11":"tag-business","12":"tag-economy","13":"tag-ekonomi","14":"tag-eli-lilly","15":"tag-fonder","16":"tag-leonardo-s-p-a","17":"tag-novo-nordisk","18":"tag-nvidia","19":"tag-palantir-technologies","20":"tag-rheinmetall","21":"tag-saab","22":"tag-se","23":"tag-svenska","24":"tag-sverige","25":"tag-sweden","26":"tag-swedish","27":"tag-taiwan-semicond-mfg-co","28":"tag-tellus-midas","29":"tag-unicredit"},"share_on_mastodon":{"url":"https:\/\/pubeurope.com\/@se\/115536683685120220","error":""},"_links":{"self":[{"href":"https:\/\/www.europesays.com\/se\/wp-json\/wp\/v2\/posts\/78630","targetHints":{"allow":["GET"]}}],"collection":[{"href":"https:\/\/www.europesays.com\/se\/wp-json\/wp\/v2\/posts"}],"about":[{"href":"https:\/\/www.europesays.com\/se\/wp-json\/wp\/v2\/types\/post"}],"author":[{"embeddable":true,"href":"https:\/\/www.europesays.com\/se\/wp-json\/wp\/v2\/users\/2"}],"replies":[{"embeddable":true,"href":"https:\/\/www.europesays.com\/se\/wp-json\/wp\/v2\/comments?post=78630"}],"version-history":[{"count":0,"href":"https:\/\/www.europesays.com\/se\/wp-json\/wp\/v2\/posts\/78630\/revisions"}],"wp:featuredmedia":[{"embeddable":true,"href":"https:\/\/www.europesays.com\/se\/wp-json\/wp\/v2\/media\/78631"}],"wp:attachment":[{"href":"https:\/\/www.europesays.com\/se\/wp-json\/wp\/v2\/media?parent=78630"}],"wp:term":[{"taxonomy":"category","embeddable":true,"href":"https:\/\/www.europesays.com\/se\/wp-json\/wp\/v2\/categories?post=78630"},{"taxonomy":"post_tag","embeddable":true,"href":"https:\/\/www.europesays.com\/se\/wp-json\/wp\/v2\/tags?post=78630"}],"curies":[{"name":"wp","href":"https:\/\/api.w.org\/{rel}","templated":true}]}}