{"id":78651,"date":"2025-11-12T12:48:10","date_gmt":"2025-11-12T12:48:10","guid":{"rendered":"https:\/\/www.europesays.com\/se\/78651\/"},"modified":"2025-11-12T12:48:10","modified_gmt":"2025-11-12T12:48:10","slug":"orange-week-i-sodertalje-gemensam-kraftsamling-mot-vald","status":"publish","type":"post","link":"https:\/\/www.europesays.com\/se\/78651\/","title":{"rendered":"Orange Week i S\u00f6dert\u00e4lje \u2013 gemensam kraftsamling mot v\u00e5ld"},"content":{"rendered":"<p>Den 19\u201325 november uppm\u00e4rksammar S\u00f6dert\u00e4lje kommun Orange Week \u2013 en vecka f\u00f6r att synligg\u00f6ra och f\u00f6rebygga v\u00e5ld i n\u00e4ra relationer. Fokus ligger i \u00e5r p\u00e5 arbetsgivarens ansvar att skapa trygga arbetsplatser fria fr\u00e5n v\u00e5ld och f\u00f6rtryck.<\/p>\n<p>\u2013 Orange Week \u00e4r viktigt att uppm\u00e4rksamma f\u00f6r att vi beh\u00f6ver prata om v\u00e5ld i alla delar av samh\u00e4llet \u2013 ocks\u00e5 p\u00e5 arbetsplatsen. V\u00e5ld \u00e4r n\u00e5got vi alla har ett ansvar att motverka, s\u00e4ger Rita Gr\u00fcnbaum, samordnare mot v\u00e5ld i n\u00e4ra relationer i S\u00f6dert\u00e4lje kommun.<\/p>\n<p>F\u00f6r femte \u00e5ret flaggar S\u00f6dert\u00e4lje med orange flagga under Orange Week. Syftet med veckan \u00e4r att manifestera mot v\u00e5ld i n\u00e4ra relationer och i synnerhet v\u00e5ld mot kvinnor och flickor. I \u00e5r ligger fokus s\u00e4rskilt p\u00e5 hur kommunen som arbetsgivare kan bidra till att f\u00f6rebygga v\u00e5ld.<\/p>\n<p><strong>\u00d6ppna f\u00f6rel\u00e4sningar och fackelt\u00e5g<\/strong><\/p>\n<p>Orange Week inleds p\u00e5 internationella mansdagen den 19 november med en \u00f6ppen f\u00f6rel\u00e4sning av Calle Norwall, som pratar om mansrollen och hur destruktiva normer kan leda till v\u00e5ld.<\/p>\n<p>Under Orange Week erbjuds kommunens chefer utbildning i hur man kan st\u00e4lla fr\u00e5gor om v\u00e5ld samt information om vilken st\u00f6d och hj\u00e4lp som finns till f\u00f6rfogande f\u00f6r personer som lever i en v\u00e5ldsam relation.\u00a0\u00a0<\/p>\n<p>Veckan avslutas med ett fackelt\u00e5g genom S\u00f6dert\u00e4lje centrum den 25 november klockan 16.00. T\u00e5get startar vid Stadshuset och g\u00e5r till Stortorget.<\/p>\n<p><strong>Ett l\u00e5ngsiktigt arbete<\/strong><\/p>\n<p>Orange Week \u00e4r inte bara ett \u00e5rligt evenemang utan ocks\u00e5 ett startskott f\u00f6r ett mer l\u00e5ngsiktigt arbete med att integrera v\u00e5ldsf\u00f6rebyggande insatser i kommunens arbete med v\u00e5ld som en arbetsgivarfr\u00e5ga.<\/p>\n<p><a title=\"https:\/\/www.sodertalje.se\/kommun-och-politik\/for-medborgare\/orange-week-2025\/\" href=\"https:\/\/www.sodertalje.se\/kommun-och-politik\/for-medborgare\/orange-week-2025\/\" rel=\"nofollow noopener\" target=\"_blank\"><strong>L\u00e4s mer om Orange Week\u00a0<\/strong><\/a><\/p>\n<p><a href=\"https:\/\/www.sodertalje.se\/omsorg-och-socialt-stod\/vald-i-nara-relationer\/\" rel=\"nofollow noopener\" target=\"_blank\"><strong>V\u00e5ld i n\u00e4ra relationer &#8211; S\u00f6dert\u00e4lje kommun<\/strong><\/a><\/p>\n<p>\u00a0<\/p>\n","protected":false},"excerpt":{"rendered":"Den 19\u201325 november uppm\u00e4rksammar S\u00f6dert\u00e4lje kommun Orange Week \u2013 en vecka f\u00f6r att synligg\u00f6ra och f\u00f6rebygga v\u00e5ld i&hellip;\n","protected":false},"author":2,"featured_media":78652,"comment_status":"","ping_status":"","sticky":false,"template":"","format":"standard","meta":{"footnotes":""},"categories":[12],"tags":[22,23,26,27,17,21,24,25,28,29,15,16,18,34,31,33,32,30,19,20],"class_list":{"0":"post-78651","1":"post","2":"type-post","3":"status-publish","4":"format-standard","5":"has-post-thumbnail","7":"category-sverige","8":"tag-breaking-news","9":"tag-breakingnews","10":"tag-featured-news","11":"tag-featurednews","12":"tag-headlines","13":"tag-huvudnyheter","14":"tag-latest-news","15":"tag-latestnews","16":"tag-main-news","17":"tag-mainnews","18":"tag-news","19":"tag-nyheter","20":"tag-rubriker","21":"tag-se","22":"tag-svenska","23":"tag-sverige","24":"tag-sweden","25":"tag-swedish","26":"tag-top-stories","27":"tag-topstories"},"share_on_mastodon":{"url":"https:\/\/pubeurope.com\/@se\/115536809356130616","error":""},"_links":{"self":[{"href":"https:\/\/www.europesays.com\/se\/wp-json\/wp\/v2\/posts\/78651","targetHints":{"allow":["GET"]}}],"collection":[{"href":"https:\/\/www.europesays.com\/se\/wp-json\/wp\/v2\/posts"}],"about":[{"href":"https:\/\/www.europesays.com\/se\/wp-json\/wp\/v2\/types\/post"}],"author":[{"embeddable":true,"href":"https:\/\/www.europesays.com\/se\/wp-json\/wp\/v2\/users\/2"}],"replies":[{"embeddable":true,"href":"https:\/\/www.europesays.com\/se\/wp-json\/wp\/v2\/comments?post=78651"}],"version-history":[{"count":0,"href":"https:\/\/www.europesays.com\/se\/wp-json\/wp\/v2\/posts\/78651\/revisions"}],"wp:featuredmedia":[{"embeddable":true,"href":"https:\/\/www.europesays.com\/se\/wp-json\/wp\/v2\/media\/78652"}],"wp:attachment":[{"href":"https:\/\/www.europesays.com\/se\/wp-json\/wp\/v2\/media?parent=78651"}],"wp:term":[{"taxonomy":"category","embeddable":true,"href":"https:\/\/www.europesays.com\/se\/wp-json\/wp\/v2\/categories?post=78651"},{"taxonomy":"post_tag","embeddable":true,"href":"https:\/\/www.europesays.com\/se\/wp-json\/wp\/v2\/tags?post=78651"}],"curies":[{"name":"wp","href":"https:\/\/api.w.org\/{rel}","templated":true}]}}