{"id":78662,"date":"2025-11-12T13:01:21","date_gmt":"2025-11-12T13:01:21","guid":{"rendered":"https:\/\/www.europesays.com\/se\/78662\/"},"modified":"2025-11-12T13:01:21","modified_gmt":"2025-11-12T13:01:21","slug":"pavens-appell-inget-ar-battre-an-fred","status":"publish","type":"post","link":"https:\/\/www.europesays.com\/se\/78662\/","title":{"rendered":"P\u00e5vens appell: Inget \u00e4r b\u00e4ttre \u00e4n fred"},"content":{"rendered":"<p>I sina h\u00e4lsningar under den allm\u00e4nna audiensen den 12 november mindes Leo XIV \u00e5rsdagen av F\u00f6rsta v\u00e4rldskrigets slut: L\u00e5t oss f\u00f6rsvara freden med \u201dhj\u00e4rtat f\u00f6rankrat i evangeliet\u201d. Han n\u00e4mnde ocks\u00e5 moder Eliswa Vakayil, saligf\u00f6rklarad i Indien, och hennes engagemang f\u00f6r de fattigaste flickornas frig\u00f6relse: \u201dM\u00e5 hon vara en inspiration f\u00f6r alla som arbetar, inom kyrkan och samh\u00e4llet, f\u00f6r kvinnors v\u00e4rdighet\u201d.<\/p>\n<p><b>Vatican News<\/b><\/p>\n<p>      <a href=\"https:\/\/www.vaticannews.va\/sv\/paven\/news\/2025-11\/pavens-audiens-lat-oss-alla-vara-syskon-inte-narcissistiska-ov.html\" title=\"P\u00e5vens audiens: L\u00e5t oss alla vara syskon, inte narcissistiska ov\u00e4nner\" rel=\"nofollow noopener\" target=\"_blank\"><\/p>\n<p>         <img decoding=\"async\" src=\"data:image\/gif;base64,R0lGODlhAQABAIAAAAAAAP\/\/\/yH5BAEAAAAALAAAAAABAAEAAAIBRAA7\" data-original=\"https:\/\/www.vaticannews.va\/content\/dam\/vaticannews\/agenzie\/images\/ansa\/2025\/11\/12\/10\/1762940813832.jpg\/_jcr_content\/renditions\/cq5dam.thumbnail.cropped.500.281.jpeg\" alt=\"P\u00e5vens audiens: L\u00e5t oss alla vara syskon, inte narcissistiska ov\u00e4nner\"\/><\/p>\n<p>       <\/a><\/p>\n<p>\n       Under sin allm\u00e4nna audiens p\u00e5 Petersplatsen talade p\u00e5ve Leo XIV denna onsdag om hur det \u00e4r m\u00f6jligt, genom Jeus d\u00f6d och uppst\u00e5ndelse, att leva som syskon.\n      <\/p>\n<p>\u201dVi \u00e4r tacksamma mot Gud f\u00f6r fredens g\u00e5va\u201d som, enligt den helige Augustinus, \u201dingenting kan \u00f6vertr\u00e4ffa. L\u00e5t oss bevara den med hj\u00e4rtat f\u00f6rankrat i evangeliet, i en anda av broderskap och k\u00e4rlek till fosterlandet\u201d. S\u00e5 h\u00e4lsade p\u00e5ven Leo XIV de polska troende som var n\u00e4rvarande vid den <a href=\"https:\/\/www.vatican.va\/content\/leo-xiv\/en\/audiences\/2025\/documents\/20251112-udienza-generale.html\" rel=\"external nofollow noopener\" target=\"_blank\">allm\u00e4nna audiensen onsdagen den 12 november<\/a> och betonade \u00e5terigen v\u00e4rdet av fred, med tanke p\u00e5 \u00e5rsdagen av slutet p\u00e5 F\u00f6rsta v\u00e4rldskrigets \u201dmeningsl\u00f6sa blodbad\u201d, som Benedictus XV uttryckte det, som firades den 11 november. P\u00e5ven p\u00e5minde ocks\u00e5 om att slutet p\u00e5 konflikten f\u00f6r m\u00e5nga folk, d\u00e4ribland det polska, sammanf\u00f6ll med \u201db\u00f6rjan p\u00e5 sj\u00e4lvst\u00e4ndighet\u201d.<\/p>\n<blockquote>\n<p>\u201cden st\u00f6rsta g\u00e5va vi kan ge \u00e4r en levande tro som tar sig uttryck i omtanke om v\u00e5r n\u00e4sta\u201d<\/p>\n<\/blockquote>\n<p>Saliga Eliswa Vakayil &#8211; inspirationsk\u00e4lla <\/p>\n<p>I sin h\u00e4lsning till de italienska pilgrimerna p\u00e5minde Leo XIV om moder Eliswa Vakayil, grundare av den tredje orden av de oskodda karmeliternas orden, teresianerna (TOCD senare CMC), som saligf\u00f6rklarades l\u00f6rdagen den 8 november i Kochi, Kerala, Indien. P\u00e5ven n\u00e4mnde i synnerhet hennes arbete f\u00f6r kvinnor i samh\u00e4llets utkant och uttryckte \u00f6nskan om att moder Vakayils &#8221;modiga engagemang f\u00f6r de fattigaste flickornas frig\u00f6relse\u201d ska vara \u201den inspirationsk\u00e4lla f\u00f6r alla som arbetar f\u00f6r kvinnors v\u00e4rdighet inom kyrkan och samh\u00e4llet\u201d. Ett engagemang som \u00e4r en inspirationsk\u00e4lla f\u00f6r alla som arbetar f\u00f6r kvinnors v\u00e4rdighet inom kyrkan och samh\u00e4llet.<\/p>\n<p>Slutligen v\u00e4nde sid p\u00e5ven till de kroatiska pilgrimerna, s\u00e4rskilt dem i stiftet Gospi\u0107-Senj, som firar 25-\u00e5rsjubileum med orden: \u201dden st\u00f6rsta g\u00e5va vi kan ge \u00e4r en levande tro som tar sig uttryck i omtanke om v\u00e5r n\u00e4sta\u201d.<\/p>\n<p>\u00a0<\/p>\n<p>\u00a0<\/p>\n","protected":false},"excerpt":{"rendered":"I sina h\u00e4lsningar under den allm\u00e4nna audiensen den 12 november mindes Leo XIV \u00e5rsdagen av F\u00f6rsta v\u00e4rldskrigets slut:&hellip;\n","protected":false},"author":2,"featured_media":78663,"comment_status":"","ping_status":"","sticky":false,"template":"","format":"standard","meta":{"footnotes":""},"categories":[14],"tags":[22,23,26,27,17,21,24,25,28,29,15,16,18,34,31,33,32,30,19,20,51,52,53,54],"class_list":{"0":"post-78662","1":"post","2":"type-post","3":"status-publish","4":"format-standard","5":"has-post-thumbnail","7":"category-varlden","8":"tag-breaking-news","9":"tag-breakingnews","10":"tag-featured-news","11":"tag-featurednews","12":"tag-headlines","13":"tag-huvudnyheter","14":"tag-latest-news","15":"tag-latestnews","16":"tag-main-news","17":"tag-mainnews","18":"tag-news","19":"tag-nyheter","20":"tag-rubriker","21":"tag-se","22":"tag-svenska","23":"tag-sverige","24":"tag-sweden","25":"tag-swedish","26":"tag-top-stories","27":"tag-topstories","28":"tag-varlden","29":"tag-world","30":"tag-world-news","31":"tag-worldnews"},"share_on_mastodon":{"url":"https:\/\/pubeurope.com\/@se\/115536860613073022","error":""},"_links":{"self":[{"href":"https:\/\/www.europesays.com\/se\/wp-json\/wp\/v2\/posts\/78662","targetHints":{"allow":["GET"]}}],"collection":[{"href":"https:\/\/www.europesays.com\/se\/wp-json\/wp\/v2\/posts"}],"about":[{"href":"https:\/\/www.europesays.com\/se\/wp-json\/wp\/v2\/types\/post"}],"author":[{"embeddable":true,"href":"https:\/\/www.europesays.com\/se\/wp-json\/wp\/v2\/users\/2"}],"replies":[{"embeddable":true,"href":"https:\/\/www.europesays.com\/se\/wp-json\/wp\/v2\/comments?post=78662"}],"version-history":[{"count":0,"href":"https:\/\/www.europesays.com\/se\/wp-json\/wp\/v2\/posts\/78662\/revisions"}],"wp:featuredmedia":[{"embeddable":true,"href":"https:\/\/www.europesays.com\/se\/wp-json\/wp\/v2\/media\/78663"}],"wp:attachment":[{"href":"https:\/\/www.europesays.com\/se\/wp-json\/wp\/v2\/media?parent=78662"}],"wp:term":[{"taxonomy":"category","embeddable":true,"href":"https:\/\/www.europesays.com\/se\/wp-json\/wp\/v2\/categories?post=78662"},{"taxonomy":"post_tag","embeddable":true,"href":"https:\/\/www.europesays.com\/se\/wp-json\/wp\/v2\/tags?post=78662"}],"curies":[{"name":"wp","href":"https:\/\/api.w.org\/{rel}","templated":true}]}}