{"id":78753,"date":"2025-11-12T14:45:16","date_gmt":"2025-11-12T14:45:16","guid":{"rendered":"https:\/\/www.europesays.com\/se\/78753\/"},"modified":"2025-11-12T14:45:16","modified_gmt":"2025-11-12T14:45:16","slug":"aldreboenden-och-vardcentraler-far-norska-agare-nar-sbb-saljer","status":"publish","type":"post","link":"https:\/\/www.europesays.com\/se\/78753\/","title":{"rendered":"\u00c4ldreboenden och v\u00e5rdcentraler f\u00e5r norska \u00e4gare n\u00e4r SBB s\u00e4ljer"},"content":{"rendered":"<p>Som mest \u00e4gde SBB fastigheter till ett v\u00e4rde av 160 miljarder kronor. Men sedan gick det snabbt utf\u00f6r. Det skandaltyngda fastighetsbolaget som socialdemokraten Ilja Baatljan drog ig\u00e5ng f\u00f6r snart tio \u00e5r sedan har g\u00e5tt fr\u00e5n succ\u00e9 till ekonomisk kris. Efter att ha k\u00f6pt p\u00e5 sig m\u00e4ngder av skolor, bost\u00e4der, kommunala kontorslokaler och \u00e4ldreboenden har SBB de senaste \u00e5ren ist\u00e4llet f\u00f6r att investera tvingats s\u00e4lja.<\/p>\n<p>H\u00f6sten 2022 och 2023 s\u00e5ldes majoriteten av skolorna till den kanadensiska riskkapitalfonden Brookfield, genom att de nu \u00e4ger en \u00f6ver halva bolaget Nordiqus, d\u00e4r SBB ocks\u00e5 \u00e4r del\u00e4gare. Och nu \u00e4r det klart att \u00e4ven resten av samh\u00e4llsfastigheterna s\u00e4ljs.\u00a0<\/p>\n","protected":false},"excerpt":{"rendered":"Som mest \u00e4gde SBB fastigheter till ett v\u00e4rde av 160 miljarder kronor. Men sedan gick det snabbt utf\u00f6r.&hellip;\n","protected":false},"author":2,"featured_media":78754,"comment_status":"","ping_status":"","sticky":false,"template":"","format":"standard","meta":{"footnotes":""},"categories":[5],"tags":[22,23,26,27,17,21,24,25,28,29,15,16,18,34,31,33,32,30,19,20],"class_list":{"0":"post-78753","1":"post","2":"type-post","3":"status-publish","4":"format-standard","5":"has-post-thumbnail","7":"category-rubriker","8":"tag-breaking-news","9":"tag-breakingnews","10":"tag-featured-news","11":"tag-featurednews","12":"tag-headlines","13":"tag-huvudnyheter","14":"tag-latest-news","15":"tag-latestnews","16":"tag-main-news","17":"tag-mainnews","18":"tag-news","19":"tag-nyheter","20":"tag-rubriker","21":"tag-se","22":"tag-svenska","23":"tag-sverige","24":"tag-sweden","25":"tag-swedish","26":"tag-top-stories","27":"tag-topstories"},"share_on_mastodon":{"url":"https:\/\/pubeurope.com\/@se\/115537269389045604","error":""},"_links":{"self":[{"href":"https:\/\/www.europesays.com\/se\/wp-json\/wp\/v2\/posts\/78753","targetHints":{"allow":["GET"]}}],"collection":[{"href":"https:\/\/www.europesays.com\/se\/wp-json\/wp\/v2\/posts"}],"about":[{"href":"https:\/\/www.europesays.com\/se\/wp-json\/wp\/v2\/types\/post"}],"author":[{"embeddable":true,"href":"https:\/\/www.europesays.com\/se\/wp-json\/wp\/v2\/users\/2"}],"replies":[{"embeddable":true,"href":"https:\/\/www.europesays.com\/se\/wp-json\/wp\/v2\/comments?post=78753"}],"version-history":[{"count":0,"href":"https:\/\/www.europesays.com\/se\/wp-json\/wp\/v2\/posts\/78753\/revisions"}],"wp:featuredmedia":[{"embeddable":true,"href":"https:\/\/www.europesays.com\/se\/wp-json\/wp\/v2\/media\/78754"}],"wp:attachment":[{"href":"https:\/\/www.europesays.com\/se\/wp-json\/wp\/v2\/media?parent=78753"}],"wp:term":[{"taxonomy":"category","embeddable":true,"href":"https:\/\/www.europesays.com\/se\/wp-json\/wp\/v2\/categories?post=78753"},{"taxonomy":"post_tag","embeddable":true,"href":"https:\/\/www.europesays.com\/se\/wp-json\/wp\/v2\/tags?post=78753"}],"curies":[{"name":"wp","href":"https:\/\/api.w.org\/{rel}","templated":true}]}}