{"id":78789,"date":"2025-11-12T15:27:31","date_gmt":"2025-11-12T15:27:31","guid":{"rendered":"https:\/\/www.europesays.com\/se\/78789\/"},"modified":"2025-11-12T15:27:31","modified_gmt":"2025-11-12T15:27:31","slug":"jagareforbundet-om-gps-kravet-fullstandigt-oacceptabelt","status":"publish","type":"post","link":"https:\/\/www.europesays.com\/se\/78789\/","title":{"rendered":"J\u00e4garef\u00f6rbundet om gps-kravet: \u201dFullst\u00e4ndigt oacceptabelt\u201d"},"content":{"rendered":"<p>            <img width=\"2560\" height=\"1280\" src=\"https:\/\/www.europesays.com\/se\/wp-content\/uploads\/2025\/11\/jf_gps-scaled.jpg\" class=\"attachment-full size-full\" alt=\"\" decoding=\"async\" fetchpriority=\"high\"  \/><\/p>\n<p id=\"caption-attachment-240507\" class=\"wp-caption-text\">Svenska J\u00e4garef\u00f6rbundet anser inte att ett krav p\u00e5 GPS-logg \u00e4r r\u00e4tt v\u00e4g att g\u00e5. Foto: Per Jonson<\/p>\n<p data-beyondwords-marker=\"55165700-f51c-4110-963c-0c9291bcdb09\">Enligt Mikael Samuelsson har <a href=\"https:\/\/svenskjakt.se\/tag\/jagareforbundet\/\" class=\"tag-link\" aria-label=\"J\u00e4garef\u00f6rbundet\" rel=\"nofollow noopener\" target=\"_blank\">J\u00e4garef\u00f6rbundet<\/a> diskuterat l\u00e4nsstyrelsens nytillkomna skrivning om gps-loggkrav i vargjaktbesluten. F\u00f6rbundet tycker att l\u00e4nsstyrelsen g\u00e5r alldeles f\u00f6r l\u00e5ngt.<\/p>\n<p data-beyondwords-marker=\"0c9306b8-8895-4ade-a9cb-1fa2d022572e\">\u2013 Vi \u00e4r eniga och v\u00e4ldigt tydliga. Det kan inte under n\u00e5gra omst\u00e4ndigheter accepteras och vi kommer nu att arbeta f\u00f6r att kravet tas bort, s\u00e4ger Mikael Samuelsson.<\/p>\n<blockquote class=\"wp-embedded-content\">\n<p>                                  <img decoding=\"async\" src=\"https:\/\/www.europesays.com\/se\/wp-content\/uploads\/2025\/11\/C7A4793-kopiera-150x150.jpg\" alt=\"Vargj\u00e4gare ska gps-\u00f6vervakas av staten: \u201dEn sista utv\u00e4g\u201d\"\/><\/p>\n<\/blockquote>\n<p data-beyondwords-marker=\"c39ab5f4-e2b5-4af2-ad30-e7c824fceb35\">Han menar att l\u00e4nsstyrelsens krav \u00e4r problematiskt p\u00e5 flera plan.<\/p>\n<p>            <img loading=\"lazy\" width=\"1873\" height=\"2560\" src=\"https:\/\/www.europesays.com\/se\/wp-content\/uploads\/2025\/11\/JUWLCPAXE53TG1Q-scaled.jpg\" class=\"size-portrait\" alt=\"\" decoding=\"async\"  \/><\/p>\n<p id=\"caption-attachment-240388\" class=\"wp-caption-text\">Mikael Samuelsson. Foto: Kristoffer Pettersson<\/p>\n<p data-beyondwords-marker=\"9de81f85-e4e1-4fe3-9a47-e50640225a00\">\u2013 Kravet utmanar oskuldspresumtionen, att man \u00e4r oskyldig tills motsatsen bevisas. Det \u00e4r ocks\u00e5 ett ingrepp i den personliga integriteten och dessutom \u00e4r r\u00e4ttsl\u00e4get os\u00e4kert. \u00c4r det ens lagligt? I till\u00e4gg finns ocks\u00e5 en tidsfaktor. J\u00e4gare som inte anv\u00e4nder den h\u00e4r typen av teknik beh\u00f6ver hinna l\u00e4ra sig och f\u00f6rst\u00e5 den.<\/p>\n<p data-beyondwords-marker=\"0bc175d4-15cd-46ae-8079-6d9b0cb64d08\">\u2013 F\u00f6r f\u00f6rbundet \u00e4r det sj\u00e4lvklart att man ska f\u00f6lja regler och naturligtvis inte g\u00f6ra n\u00e5got olagligt, men det g\u00e5r att agera p\u00e5 annat s\u00e4tt \u00e4n som l\u00e4nsstyrelsen nu vill. Det var tidigare ett uppm\u00e4rksammat problem under bj\u00f6rnjakten i J\u00e4mtland och d\u00e5 valde l\u00e4nsstyrelsen tillsammans med J\u00e4garef\u00f6rbundet att agera preventivt och det har gett resultat.<\/p>\n<p data-beyondwords-marker=\"efd7a130-5df0-49fa-b0d7-6d27239c85c4\">\u2013 Jag vill inte g\u00e5 in p\u00e5 detaljer hur vi kommer att agera. Vi beh\u00f6ver s\u00e4tta oss ner och se \u00f6ver vilka m\u00f6jligheter som finns att agera. Men jag vill f\u00f6rtydliga att l\u00e4nsstyrelsens beslut \u00e4r orealistiskt, oproportionerligt och r\u00e4ttsos\u00e4kert. Det riskerar ocks\u00e5 att skada f\u00f6rtroendet f\u00f6r myndigheten, s\u00e4ger Mikael Samuelsson.<\/p>\n<blockquote class=\"wp-embedded-content\">\n<p>                                  <img decoding=\"async\" src=\"https:\/\/www.europesays.com\/se\/wp-content\/uploads\/2025\/11\/gpslogg-150x150.jpg\" alt=\"\u201dGps-sp\u00e5rning av j\u00e4gare saknar lagst\u00f6d\u201d\"\/><\/p>\n<\/blockquote>\n<p>\nMissa ingenting \u2013 f\u00e5 Svensk Jakts nyheter i din mejlbox<br \/>\nNyhetsbrevet skickas ut varje vardag.<\/p>\n","protected":false},"excerpt":{"rendered":"Svenska J\u00e4garef\u00f6rbundet anser inte att ett krav p\u00e5 GPS-logg \u00e4r r\u00e4tt v\u00e4g att g\u00e5. Foto: Per Jonson Enligt&hellip;\n","protected":false},"author":2,"featured_media":78790,"comment_status":"","ping_status":"","sticky":false,"template":"","format":"standard","meta":{"footnotes":""},"categories":[12],"tags":[22,23,26,27,17,21,24,25,28,29,15,16,18,34,31,33,32,30,19,20],"class_list":{"0":"post-78789","1":"post","2":"type-post","3":"status-publish","4":"format-standard","5":"has-post-thumbnail","7":"category-sverige","8":"tag-breaking-news","9":"tag-breakingnews","10":"tag-featured-news","11":"tag-featurednews","12":"tag-headlines","13":"tag-huvudnyheter","14":"tag-latest-news","15":"tag-latestnews","16":"tag-main-news","17":"tag-mainnews","18":"tag-news","19":"tag-nyheter","20":"tag-rubriker","21":"tag-se","22":"tag-svenska","23":"tag-sverige","24":"tag-sweden","25":"tag-swedish","26":"tag-top-stories","27":"tag-topstories"},"share_on_mastodon":{"url":"https:\/\/pubeurope.com\/@se\/115537435699430059","error":""},"_links":{"self":[{"href":"https:\/\/www.europesays.com\/se\/wp-json\/wp\/v2\/posts\/78789","targetHints":{"allow":["GET"]}}],"collection":[{"href":"https:\/\/www.europesays.com\/se\/wp-json\/wp\/v2\/posts"}],"about":[{"href":"https:\/\/www.europesays.com\/se\/wp-json\/wp\/v2\/types\/post"}],"author":[{"embeddable":true,"href":"https:\/\/www.europesays.com\/se\/wp-json\/wp\/v2\/users\/2"}],"replies":[{"embeddable":true,"href":"https:\/\/www.europesays.com\/se\/wp-json\/wp\/v2\/comments?post=78789"}],"version-history":[{"count":0,"href":"https:\/\/www.europesays.com\/se\/wp-json\/wp\/v2\/posts\/78789\/revisions"}],"wp:featuredmedia":[{"embeddable":true,"href":"https:\/\/www.europesays.com\/se\/wp-json\/wp\/v2\/media\/78790"}],"wp:attachment":[{"href":"https:\/\/www.europesays.com\/se\/wp-json\/wp\/v2\/media?parent=78789"}],"wp:term":[{"taxonomy":"category","embeddable":true,"href":"https:\/\/www.europesays.com\/se\/wp-json\/wp\/v2\/categories?post=78789"},{"taxonomy":"post_tag","embeddable":true,"href":"https:\/\/www.europesays.com\/se\/wp-json\/wp\/v2\/tags?post=78789"}],"curies":[{"name":"wp","href":"https:\/\/api.w.org\/{rel}","templated":true}]}}