{"id":78803,"date":"2025-11-12T15:46:26","date_gmt":"2025-11-12T15:46:26","guid":{"rendered":"https:\/\/www.europesays.com\/se\/78803\/"},"modified":"2025-11-12T15:46:26","modified_gmt":"2025-11-12T15:46:26","slug":"travtavlingar-pa-anrika-charlottenlund-laggs-ner","status":"publish","type":"post","link":"https:\/\/www.europesays.com\/se\/78803\/","title":{"rendered":"Travt\u00e4vlingar p\u00e5 anrika Charlottenlund l\u00e4ggs ner"},"content":{"rendered":"<p>F\u00f6rslaget: Charlottenlund skrotas som t\u00e4vlingsarena \u2022 Nya J\u00e4gersro blir huvudbana: \u201dEtt allvarligt misstag\u201d<a data-test-tag=\"internal-link\" href=\"https:\/\/www.aftonbladet.se\/av\/daniel-soderback\" class=\"hyperion-css-13ns1rr\" rel=\"nofollow noopener\" target=\"\" aria-label=\"Se alla artiklar av Daniel S\u00f6derb\u00e4ck\"><img decoding=\"async\" class=\"image-asset hyperion-css-n6kkq1\" data-test-tag=\"image-asset\" src=\"https:\/\/www.europesays.com\/se\/wp-content\/uploads\/2025\/11\/1762962386_452_8beae7be-3be2-45da-b868-a42c79c28435\"  alt=\"\"  loading=\"lazy\" fetchpriority=\"auto\" style=\"aspect-ratio:1900 \/ 1900\"\/><\/a><\/p>\n<p class=\"boxtextgrotesk-root_baa6 hyperion-css-1w346fg\">Uppdaterad 11.55 | Publicerad 09.45<\/p>\n<p>share-arrowDela<\/p>\n<p>unsaveSpara<\/p>\n<p>expand-left<\/p>\n<p>helsk\u00e4rm<img decoding=\"async\" class=\"image-asset hyperion-css-u06ts1\" data-test-tag=\"image-asset\" src=\"https:\/\/www.europesays.com\/se\/wp-content\/uploads\/2025\/11\/7605180a-250b-475f-ab9a-ff964d5cd54d\"  alt=\"Charlottenlunds travbana norr om K\u00f6penhamn.\"  loading=\"eager\" fetchpriority=\"high\" style=\"aspect-ratio:1200 \/ 600\"\/>Charlottenlunds travbana norr om K\u00f6penhamn. Foto: Thomas Blomqvist\/Tr Media<\/p>\n<p class=\"hyperion-css-1shl3oz\" data-test-tag=\"lead-text\">Travt\u00e4vlingar p\u00e5 anrika Charlottenlund l\u00e4ggs ner fr\u00e5n och med 2027 \u2013 i f\u00f6rslaget \u201dVision \u00d6resund\u201d.<\/p>\n<p class=\"hyperion-css-1shl3oz\" data-test-tag=\"lead-text\">I st\u00e4llet g\u00f6rs en storsatsning med \u201dNya J\u00e4gersro\u201d som huvudbana i \u00d6resundsregionen.<\/p>\n<p class=\"hyperion-css-1shl3oz\" data-test-tag=\"lead-text\">\u201dAtt arbeta f\u00f6r att avveckla landets huvudstads travbana, med mer \u00e4n 130 \u00e5rs historia, \u00e4r ett allvarligt misstag\u201d, skriver Charlottenlund.<\/p>\n<p class=\"hyperion-css-1shl3oz\" data-test-tag=\"lead-text\">\u2013 Det h\u00e4r \u00e4r ett historiskt steg f\u00f6r travsporten i Norden, s\u00e4ger Anders K\u00e4llstr\u00f6m, styrelseordf\u00f6rande f\u00f6r Svensk Travsport.<\/p>\n<p class=\"hyperion-css-1v9qo5x\">Det var under tisdagen som den danska sajten <a aria-label=\"Travservice.dk\" class=\"sportbladet hyperion-css-15jkft9\" href=\"https:\/\/travservice.dk\/breaking-news-charlottenlund-travbane-lukker-i-2027\/\" rel=\"noopener nofollow noreferrer\" data-test-tag=\"external-link\" target=\"_blank\">Travservice.dk<\/a> kom med nyheten.<\/p>\n<p class=\"hyperion-css-1v9qo5x\">Fr\u00e5n och med 2027 blir det inga mer travt\u00e4vlingar p\u00e5 anrika travanl\u00e4ggningen Charlottenlund norr om K\u00f6penhamn. <\/p>\n<p class=\"hyperion-css-1v9qo5x\">Anledningen? Ett nytt samarbetsavtal mellan Svensk Travsport och Dansk Hestev\u00e6ddel\u00f8b f\u00f6r att \u201dNya <a data-test-tag=\"internal-link\" href=\"https:\/\/www.aftonbladet.se\/tagg\/jagersro\" class=\"hyperion-css-15jkft9\" rel=\"nofollow noopener\" target=\"\" aria-label=\"J\u00e4gersro\" theme=\"sportbladet\">J\u00e4gersro<\/a>\u201d inte ska beh\u00f6va n\u00e5gon konkurrens fr\u00e5n en travbana p\u00e5 Sj\u00e4lland.<\/p>\n<p>\u201dK\u00e4mpa in i det sista\u201d<\/p>\n<p class=\"hyperion-css-1v9qo5x\">Nyheten kom som en chock f\u00f6r Peter Andersen, ordf\u00f6rande f\u00f6r Det Danske Travselskab, som driver Charlottenlund.<\/p>\n<p class=\"hyperion-css-1v9qo5x\">\u2013 Det har inte kommit n\u00e5gon information alls om n\u00e5gra s\u00e5dana h\u00e4r framtidsplaner f\u00f6r Charlottenlund. Under m\u00e5ndagen var det ett extrainkallat m\u00f6te i Dansk Travsports Centralf\u00f6rbund d\u00e4r man godk\u00e4nde planerna f\u00f6r en st\u00e4ngning av Charlottenlund, s\u00e4ger han till Travservice.dk och forts\u00e4tter:<\/p>\n<p class=\"hyperion-css-1v9qo5x\">\u2013 Vi kommer dock att k\u00e4mpa in i det sista f\u00f6r att r\u00e4dda den h\u00e4r gamla banan med v\u00e4ldigt stolta traditioner.<\/p>\n<p>Blir huvudbana<\/p>\n<p class=\"hyperion-css-1v9qo5x\">Under onsdagen bekr\u00e4ftades planerna i ett gemensamt pressmeddelande fr\u00e5n Svensk Travsport, J\u00e4gersro, Dansk Hestev\u00e6ddel\u00f8b och ATG.<\/p>\n<p class=\"hyperion-css-1v9qo5x\">Parterna har undertecknat en avsiktsf\u00f6rklaring om \u201dVision \u00d6resund\u201d.<\/p>\n<p class=\"hyperion-css-1v9qo5x\">Visionen handlar om att \u201dNya J\u00e4gersro\u201d blir ny huvudbana i regionen med ambitionen att utveckla en modern tr\u00e4ningsanl\u00e4ggning p\u00e5 Sj\u00e4lland i Danmark, en nordisk motsvarighet till franska Grosbois.<\/p>\n<p class=\"hyperion-css-1v9qo5x\">\u201dSamarbetet inneb\u00e4r att danska t\u00e4vlingsdagar fr\u00e5n och med 2027 successivt flyttas fr\u00e5n Charlottenlund i Danmark till nuvarande J\u00e4gersro i Sverige. 2027\/2028 blir nya J\u00e4gersro huvudbana\u201d, st\u00e5r det bland annat <a aria-label=\"att l\u00e4sa i pressmeddelandet.\" class=\"sportbladet hyperion-css-15jkft9\" href=\"https:\/\/www.travsport.se\/arkiv\/nyheter\/2025\/november\/vision-oresund-ett-historiskt-samarbete-for-framtidens-travsport\/\" rel=\"noopener nofollow noreferrer\" data-test-tag=\"external-link\" target=\"_blank\">att l\u00e4sa i pressmeddelandet.<\/a><\/p>\n<p>\u201dEtt historiskt steg\u201d<\/p>\n<p class=\"hyperion-css-1v9qo5x\">\u2013 Det h\u00e4r \u00e4r ett historiskt steg f\u00f6r travsporten i Norden. Tillsammans kan vi skapa en modern och h\u00e5llbar struktur som gynnar sporten, aktiva och publik p\u00e5 b\u00e5da sidor av \u00d6resund, s\u00e4ger Anders K\u00e4llstr\u00f6m, styrelseordf\u00f6rande f\u00f6r Svensk Travsport.<\/p>\n<p class=\"hyperion-css-1v9qo5x\">\u2013 Charlottenlund har en stolt historia, men framtiden kr\u00e4ver nya f\u00f6ruts\u00e4ttningar. Med J\u00e4gersro som huvudbana och med ambitionen att utveckla en modern tr\u00e4ningsanl\u00e4ggning p\u00e5 Sj\u00e4lland f\u00e5r travsporten en starkare plattform f\u00f6r tillv\u00e4xt i regionen, s\u00e4ger Stig Holst Hartwig, styrelseordf\u00f6rande f\u00f6r Dansk Hestev\u00e6ddel\u00f8b.<\/p>\n<p>Skarpa kritiken<\/p>\n<p class=\"hyperion-css-1v9qo5x\">Det Danske Travselskab, som driver Charlottenlund, \u00e4r skarpt kritiska till planerna och sl\u00e4ppte ocks\u00e5 <a aria-label=\"ett pressmeddelande\" class=\"sportbladet hyperion-css-15jkft9\" href=\"https:\/\/travservice.dk\/lunden-fortsaetter-ufortroedent-trods-forsoeg-paa-trusler\/\" rel=\"noopener nofollow noreferrer\" data-test-tag=\"external-link\" target=\"_blank\">ett pressmeddelande<\/a> under onsdagen.<\/p>\n<p class=\"hyperion-css-1v9qo5x\">\u201dAtt arbeta f\u00f6r att avveckla landets huvudstads travbana, med mer \u00e4n 130 \u00e5rs historia, \u00e4r ett allvarligt misstag. Det \u00e4r djupt oroande att man f\u00f6rs\u00f6ker rikta in sig p\u00e5 just den travbana som har den st\u00f6rsta utvecklingspotentialen i Danmark. Detta \u00e4r ett aldrig tidigare sk\u00e5dat angrepp p\u00e5 den danska travsportens sj\u00e4lvst\u00e4ndighet\u201d, st\u00e5r det bland annat att l\u00e4sa.<\/p>\n<p class=\"hyperion-css-1v9qo5x\">Travbanan Charlottenlund har funnits sedan 1891.<\/p>\n<p class=\"hyperion-css-1v9qo5x\">Ett huvudavtal om \u201dVision \u00d6resund\u201d ska vara klart f\u00f6re sommaren 2026, enligt pressmeddelandet.<\/p>\n<p>FAKTADetta \u00e4r \u201dVision \u00d6resund\u201d<\/p>\n<ul class=\"hyperion-css-e9gx76\" data-test-tag=\"list\">\n<li class=\"hyperion-css-1d843yr\">Gemensam satsning f\u00f6r att bygga en modern, h\u00e5llbar och konkurrenskraftig travsport i \u00d6resundsregionen.<\/li>\n<li class=\"hyperion-css-1d843yr\">Parter: Svensk Travsport, Dansk Hestev\u00e6ddel\u00f8b, J\u00e4gersro och ATG.<\/li>\n<li class=\"hyperion-css-1d843yr\"><strong>Avsiktsf\u00f6rklaring mellan parterna.<\/strong><\/li>\n<li class=\"hyperion-css-1d843yr\">Nya J\u00e4gersro i Sverige blir huvudbana (klar 2027\/2028)<\/li>\n<li class=\"hyperion-css-1d843yr\">Ett modernt tr\u00e4ningscentrum utvecklas p\u00e5 Sj\u00e4lland i Danmark.<\/li>\n<li class=\"hyperion-css-1d843yr\">Danska t\u00e4vlingsdagar flyttas fr\u00e5n Charlottenlund i Danmark till nuvarande J\u00e4gersro fr\u00e5n 2027.<\/li>\n<li class=\"hyperion-css-1d843yr\">Gemensam \u00e4garutredning av det danska spelbolaget Bet25 f\u00f6r l\u00e5ngsiktig finansiering.<\/li>\n<li class=\"hyperion-css-1d843yr\">M\u00e5let \u00e4r att ett huvudavtal mellan parterna ska vara klart f\u00f6re sommaren 2026.<\/li>\n<\/ul>\n<p>L\u00e4s mer<\/p>\n","protected":false},"excerpt":{"rendered":"F\u00f6rslaget: Charlottenlund skrotas som t\u00e4vlingsarena \u2022 Nya J\u00e4gersro blir huvudbana: \u201dEtt allvarligt misstag\u201d Uppdaterad 11.55 | Publicerad 09.45&hellip;\n","protected":false},"author":2,"featured_media":78804,"comment_status":"","ping_status":"","sticky":false,"template":"","format":"standard","meta":{"footnotes":""},"categories":[12],"tags":[22,23,26,27,17,21,24,25,28,29,15,16,18,34,31,33,32,30,19,20],"class_list":{"0":"post-78803","1":"post","2":"type-post","3":"status-publish","4":"format-standard","5":"has-post-thumbnail","7":"category-sverige","8":"tag-breaking-news","9":"tag-breakingnews","10":"tag-featured-news","11":"tag-featurednews","12":"tag-headlines","13":"tag-huvudnyheter","14":"tag-latest-news","15":"tag-latestnews","16":"tag-main-news","17":"tag-mainnews","18":"tag-news","19":"tag-nyheter","20":"tag-rubriker","21":"tag-se","22":"tag-svenska","23":"tag-sverige","24":"tag-sweden","25":"tag-swedish","26":"tag-top-stories","27":"tag-topstories"},"share_on_mastodon":{"url":"https:\/\/pubeurope.com\/@se\/115537509755723095","error":""},"_links":{"self":[{"href":"https:\/\/www.europesays.com\/se\/wp-json\/wp\/v2\/posts\/78803","targetHints":{"allow":["GET"]}}],"collection":[{"href":"https:\/\/www.europesays.com\/se\/wp-json\/wp\/v2\/posts"}],"about":[{"href":"https:\/\/www.europesays.com\/se\/wp-json\/wp\/v2\/types\/post"}],"author":[{"embeddable":true,"href":"https:\/\/www.europesays.com\/se\/wp-json\/wp\/v2\/users\/2"}],"replies":[{"embeddable":true,"href":"https:\/\/www.europesays.com\/se\/wp-json\/wp\/v2\/comments?post=78803"}],"version-history":[{"count":0,"href":"https:\/\/www.europesays.com\/se\/wp-json\/wp\/v2\/posts\/78803\/revisions"}],"wp:featuredmedia":[{"embeddable":true,"href":"https:\/\/www.europesays.com\/se\/wp-json\/wp\/v2\/media\/78804"}],"wp:attachment":[{"href":"https:\/\/www.europesays.com\/se\/wp-json\/wp\/v2\/media?parent=78803"}],"wp:term":[{"taxonomy":"category","embeddable":true,"href":"https:\/\/www.europesays.com\/se\/wp-json\/wp\/v2\/categories?post=78803"},{"taxonomy":"post_tag","embeddable":true,"href":"https:\/\/www.europesays.com\/se\/wp-json\/wp\/v2\/tags?post=78803"}],"curies":[{"name":"wp","href":"https:\/\/api.w.org\/{rel}","templated":true}]}}