{"id":78817,"date":"2025-11-12T16:05:20","date_gmt":"2025-11-12T16:05:20","guid":{"rendered":"https:\/\/www.europesays.com\/se\/78817\/"},"modified":"2025-11-12T16:05:20","modified_gmt":"2025-11-12T16:05:20","slug":"tyskland-efter-merz-optimism-ekonomisk-krisen-kan-forvarras","status":"publish","type":"post","link":"https:\/\/www.europesays.com\/se\/78817\/","title":{"rendered":"Tyskland: Efter Merz optimism: Ekonomisk krisen kan f\u00f6rv\u00e4rras"},"content":{"rendered":"<p><strong>B<\/strong><strong>ONN<\/strong> \u201dFram till sommaren ska alla m\u00e4rka att landet l\u00e5ngsamt f\u00f6r\u00e4ndras till det b\u00e4ttre.\u201d Det <a href=\"https:\/\/www.youtube.com\/shorts\/hAsrF3uNcIU\" target=\"_blank\" rel=\"noopener noreferrer nofollow\">lovade<\/a> Friedrich Merz i sin f\u00f6rsta regeringsf\u00f6rklaring i b\u00f6rjan maj. Sedan dess har det g\u00e5tt ett halv\u00e5r \u2013 och st\u00e4mningarna i Tyskland \u00e4r l\u00e5ngtifr\u00e5n hoppfulla.<\/p>\n<p>I oktober registrerade mer \u00e4n vart tredje industrif\u00f6retag, 36,6 procent, sjunkande konkurrenskraft gentemot l\u00e4nderna utanf\u00f6r EU. Det var den l\u00e4gsta siffran n\u00e5gonsin, enligt konjunkturinstitutet ifo:s <a href=\"https:\/\/www.ifo.de\/fakten\/2025-11-11\/deutsche-industrie-sieht-eigene-wettbewerbsfaehigkeit-auf-rekordtief\" target=\"_blank\" rel=\"noopener noreferrer nofollow\">senaste<\/a> m\u00e4tning.<\/p>\n","protected":false},"excerpt":{"rendered":"BONN \u201dFram till sommaren ska alla m\u00e4rka att landet l\u00e5ngsamt f\u00f6r\u00e4ndras till det b\u00e4ttre.\u201d Det lovade Friedrich Merz&hellip;\n","protected":false},"author":2,"featured_media":78818,"comment_status":"","ping_status":"","sticky":false,"template":"","format":"standard","meta":{"footnotes":""},"categories":[5],"tags":[22,23,26,27,17,21,24,25,28,29,15,16,18,34,31,33,32,30,19,20],"class_list":{"0":"post-78817","1":"post","2":"type-post","3":"status-publish","4":"format-standard","5":"has-post-thumbnail","7":"category-rubriker","8":"tag-breaking-news","9":"tag-breakingnews","10":"tag-featured-news","11":"tag-featurednews","12":"tag-headlines","13":"tag-huvudnyheter","14":"tag-latest-news","15":"tag-latestnews","16":"tag-main-news","17":"tag-mainnews","18":"tag-news","19":"tag-nyheter","20":"tag-rubriker","21":"tag-se","22":"tag-svenska","23":"tag-sverige","24":"tag-sweden","25":"tag-swedish","26":"tag-top-stories","27":"tag-topstories"},"share_on_mastodon":{"url":"https:\/\/pubeurope.com\/@se\/115537583981904843","error":""},"_links":{"self":[{"href":"https:\/\/www.europesays.com\/se\/wp-json\/wp\/v2\/posts\/78817","targetHints":{"allow":["GET"]}}],"collection":[{"href":"https:\/\/www.europesays.com\/se\/wp-json\/wp\/v2\/posts"}],"about":[{"href":"https:\/\/www.europesays.com\/se\/wp-json\/wp\/v2\/types\/post"}],"author":[{"embeddable":true,"href":"https:\/\/www.europesays.com\/se\/wp-json\/wp\/v2\/users\/2"}],"replies":[{"embeddable":true,"href":"https:\/\/www.europesays.com\/se\/wp-json\/wp\/v2\/comments?post=78817"}],"version-history":[{"count":0,"href":"https:\/\/www.europesays.com\/se\/wp-json\/wp\/v2\/posts\/78817\/revisions"}],"wp:featuredmedia":[{"embeddable":true,"href":"https:\/\/www.europesays.com\/se\/wp-json\/wp\/v2\/media\/78818"}],"wp:attachment":[{"href":"https:\/\/www.europesays.com\/se\/wp-json\/wp\/v2\/media?parent=78817"}],"wp:term":[{"taxonomy":"category","embeddable":true,"href":"https:\/\/www.europesays.com\/se\/wp-json\/wp\/v2\/categories?post=78817"},{"taxonomy":"post_tag","embeddable":true,"href":"https:\/\/www.europesays.com\/se\/wp-json\/wp\/v2\/tags?post=78817"}],"curies":[{"name":"wp","href":"https:\/\/api.w.org\/{rel}","templated":true}]}}