{"id":78819,"date":"2025-11-12T16:07:10","date_gmt":"2025-11-12T16:07:10","guid":{"rendered":"https:\/\/www.europesays.com\/se\/78819\/"},"modified":"2025-11-12T16:07:10","modified_gmt":"2025-11-12T16:07:10","slug":"rob-edwards-lamnar-boro-for-wolves-motvilligt","status":"publish","type":"post","link":"https:\/\/www.europesays.com\/se\/78819\/","title":{"rendered":"Rob Edwards l\u00e4mnar Boro f\u00f6r Wolves \u2014 \u201dmotvilligt\u201d"},"content":{"rendered":"<p>Rob Edwards l\u00e4mnar Middlesbrough. Det st\u00e5r klart att tr\u00e4naren tar \u00f6ver Wolverhampton Wanderers. Nu kritiseras Wolves och Edwards agerande.<\/p>\n<p>Efter bara 141 dagar p\u00e5 posten som huvudtr\u00e4nare f\u00f6r Middlesbrough avslutar Rob Edwards sitt uppdrag. Det offentliggjordes idag att tr\u00e4naren fr\u00e5n Shropshire ska ta \u00f6ver det krisande Wolverhampton Wanderers. <\/p>\n<p style=\"margin: 0.0px 0.0px 0.0px 0.0px; -webkit-text-stroke: #000000\">Wolves ligger sist i Premier League p\u00e5 tv\u00e5 po\u00e4ng. Middlesbrough ligger tv\u00e5a i Championship p\u00e5 29 po\u00e4ng. Beslutet att l\u00e4mna kommer som en \u00f6verraskning f\u00f6r m\u00e5nga. <\/p>\n<p style=\"margin: 0.0px 0.0px 0.0px 0.0px; -webkit-text-stroke: #000000\">Rob Edwards och Wolverhamptons agerande i samband med \u00f6verg\u00e5ng kritiseras av Middlesbrough. Men \u00e4ven av supportrar. <\/p>\n<p style=\"margin: 0.0px 0.0px 0.0px 0.0px; -webkit-text-stroke: #000000\"><strong>Ville leda matchen <\/strong><\/p>\n<p style=\"margin: 0.0px 0.0px 0.0px 0.0px; -webkit-text-stroke: #000000\">Enligt TalkSport ville Rob Edwards tr\u00e4na laget i matchen mot Birmingham i l\u00f6rdags. Han till\u00e4ts dock inte g\u00f6ra det av klubbledningen. Edwards hade d\u00e5 blivit portad fr\u00e5n arenan och klubbens tr\u00e4ningsanl\u00e4ggningar eftersom klubben ans\u00e5g att han hade betett sig illa, enligt rykten. <\/p>\n<p style=\"margin: 0.0px 0.0px 0.0px 0.0px; -webkit-text-stroke: #000000\">Edwards spelade tidigare i Wolves och hans f\u00f6rsta tr\u00e4naruppdrag n\u00e5gonsin var i just Wolves, som ungdomstr\u00e4nare. Nu \u00e4r han tillbaka i klubben f\u00f6r f\u00f6rsta g\u00e5ngen sedan 2016, d\u00e5 han var interimtr\u00e4nare d\u00e4r. F\u00f6r Edwards var det ett jobb han inte kunde tacka nej till, ska han sj\u00e4lv ha sagt till Middlesbroughs klubbledning. <\/p>\n<p style=\"margin: 0.0px 0.0px 0.0px 0.0px; -webkit-text-stroke: #000000\"><strong>Inte f\u00f6rsta g\u00e5ngen <\/strong><\/p>\n<p style=\"margin: 0.0px 0.0px 0.0px 0.0px; -webkit-text-stroke: #000000\">Rob Edwards har tidigare blivit kritiserad f\u00f6r sitt agerande i andra sammanhang. I maj 2022 l\u00e4mnade han Forest Green Rovers, efter att i hemlighet ha f\u00f6rt diskussioner med Watford om ett jobb d\u00e4r. Enligt Middlesbrough har f\u00f6rhandlingarna inte g\u00e5tt till p\u00e5 r\u00e4tt s\u00e4tt den h\u00e4r g\u00e5ngen heller. Det handlar om \u00f6vertr\u00e4delser av Premier Leagues regelverk, h\u00e4vdar en insiderk\u00e4lla till The Telegraph. <\/p>\n<p style=\"margin: 0.0px 0.0px 0.0px 0.0px; color: #1f1f1f; -webkit-text-stroke: #1f1f1f\">\u2014 Rob hade skrivit p\u00e5 ett tre\u00e5rskontrakt med oss \u200b\u200bunder sommaren, men efter att han tydligt f\u00f6rklarat att han var angel\u00e4gen om att g\u00e5 till Wolves, kom vi motvilligt \u00f6verens om en ers\u00e4ttningssiffra f\u00f6r b\u00e5de honom sj\u00e4lv och en av hans A-lagstr\u00e4nare, Harry Watling, s\u00e4ger Middlesbrough. <\/p>\n<p style=\"margin: 0.0px 0.0px 0.0px 0.0px; -webkit-text-stroke: #000000\"><strong>Tar \u00f6ver <\/strong><\/p>\n<p style=\"margin: 0.0px 0.0px 0.0px 0.0px; -webkit-text-stroke: #000000\">Det \u00e4r Rob Edwards assisterande tr\u00e4nare, Adrian Viveash, som leder laget tills vidare, uppger Middlesbrough. <\/p>\n","protected":false},"excerpt":{"rendered":"Rob Edwards l\u00e4mnar Middlesbrough. Det st\u00e5r klart att tr\u00e4naren tar \u00f6ver Wolverhampton Wanderers. Nu kritiseras Wolves och Edwards&hellip;\n","protected":false},"author":2,"featured_media":78820,"comment_status":"","ping_status":"","sticky":false,"template":"","format":"standard","meta":{"footnotes":""},"categories":[68],"tags":[159,158,157,138,156,165,164,140,34,160,162,111,110,31,161,33,32,30,163],"class_list":{"0":"post-78819","1":"post","2":"type-post","3":"status-publish","4":"format-standard","5":"has-post-thumbnail","7":"category-sport","8":"tag-allsvenskan","9":"tag-fans","10":"tag-fantv","11":"tag-fotboll","12":"tag-hockey","13":"tag-matcher","14":"tag-matchprogram","15":"tag-premier-league","16":"tag-se","17":"tag-serie-a","18":"tag-spelschema","19":"tag-sport","20":"tag-sports","21":"tag-svenska","22":"tag-svenskafans","23":"tag-sverige","24":"tag-sweden","25":"tag-swedish","26":"tag-tabeller"},"share_on_mastodon":{"url":"https:\/\/pubeurope.com\/@se\/115537591891856717","error":""},"_links":{"self":[{"href":"https:\/\/www.europesays.com\/se\/wp-json\/wp\/v2\/posts\/78819","targetHints":{"allow":["GET"]}}],"collection":[{"href":"https:\/\/www.europesays.com\/se\/wp-json\/wp\/v2\/posts"}],"about":[{"href":"https:\/\/www.europesays.com\/se\/wp-json\/wp\/v2\/types\/post"}],"author":[{"embeddable":true,"href":"https:\/\/www.europesays.com\/se\/wp-json\/wp\/v2\/users\/2"}],"replies":[{"embeddable":true,"href":"https:\/\/www.europesays.com\/se\/wp-json\/wp\/v2\/comments?post=78819"}],"version-history":[{"count":0,"href":"https:\/\/www.europesays.com\/se\/wp-json\/wp\/v2\/posts\/78819\/revisions"}],"wp:featuredmedia":[{"embeddable":true,"href":"https:\/\/www.europesays.com\/se\/wp-json\/wp\/v2\/media\/78820"}],"wp:attachment":[{"href":"https:\/\/www.europesays.com\/se\/wp-json\/wp\/v2\/media?parent=78819"}],"wp:term":[{"taxonomy":"category","embeddable":true,"href":"https:\/\/www.europesays.com\/se\/wp-json\/wp\/v2\/categories?post=78819"},{"taxonomy":"post_tag","embeddable":true,"href":"https:\/\/www.europesays.com\/se\/wp-json\/wp\/v2\/tags?post=78819"}],"curies":[{"name":"wp","href":"https:\/\/api.w.org\/{rel}","templated":true}]}}