{"id":78825,"date":"2025-11-12T16:13:14","date_gmt":"2025-11-12T16:13:14","guid":{"rendered":"https:\/\/www.europesays.com\/se\/78825\/"},"modified":"2025-11-12T16:13:14","modified_gmt":"2025-11-12T16:13:14","slug":"eu-deklarationen-regeringens-prioriteringar-i-eu-arbetet-regeringen-se","status":"publish","type":"post","link":"https:\/\/www.europesays.com\/se\/78825\/","title":{"rendered":"EU-deklarationen \u2013 regeringens prioriteringar i EU-arbetet &#8211; Regeringen.se"},"content":{"rendered":"<ol>\n<li><a href=\"https:\/\/news.google.com\/rss\/articles\/CBMimwFBVV95cUxOZlNxSGdJVXNOc1FXWHhxbE9iOEU0UnJ3NFF6VEwwZ3dxU3BZUWNVbUc1MDlmb0hSd2ZGTE9QUjQ5aXl1eXFZSlFYTVJhV0tzX0dTVjJvU3EwV01nSWpzdlhCTnNZMWlGOVZuVkpSWW9laGtGYUE4MkZfWWoyNFo1T002d3BObGh5YWoxd1J0XzZjUnIzR0h3VUFDdw?oc=5\" target=\"_blank\" rel=\"nofollow noopener\">EU-deklarationen \u2013 regeringens prioriteringar i EU-arbetet<\/a>&nbsp;&nbsp;Regeringen.se<\/li>\n<li><a href=\"https:\/\/news.google.com\/rss\/articles\/CBMimwFBVV95cUxNQW9fZGRuMVNkcGpTUnNhR3VncTVqdldoUjVYUDNvR2VrUnVrWEQwcnhPdnBmaWI1M3k4S0d6ZjNTWndYeTNLaVhsUjBpcTZBaFJYbzMwX1J3TW1uOFRsMHo5Vk9jRjYxV05YRzJESzQzS1QyVlR4VU5Cams1MkxES3o1WC1mbFlWODhrZDVpU2pMcFkydTZTUGpUTQ?oc=5\" target=\"_blank\" rel=\"nofollow noopener\">Provspel som SD:s n\u00e4sta partiledare<\/a>&nbsp;&nbsp;SvD<\/li>\n<li><a href=\"https:\/\/news.google.com\/rss\/articles\/CBMif0FVX3lxTE9zek9ieWpGVDduTDR0WXJ4LUUyaXEyMmxOc2VQXzB3Uks3Z052M0g3TkkxSmxsemd6SzlvVlFxYXF2eC1EQzlkVmhMMGhfNzFjYzFuaGlEdU9zbW9sbFJMdTFITzBPMkFqX3ZsalZQazZQVjhWUE9rVkdyTXlzMTQ?oc=5\" target=\"_blank\" rel=\"nofollow noopener\">Partiledardebatt om Sveriges EU-politik<\/a>&nbsp;&nbsp;SVT Nyheter<\/li>\n<li><a href=\"https:\/\/news.google.com\/rss\/articles\/CBMilgFBVV95cUxNcFlscEQtY1R6NWNIRjhzTnZPcGhSc1Zab3poeTUwNEc2T0t3bnl0elJXVGxTWjBsd2lBcjVzRjM2V3hDemR0WHZnNWZNdnpucW1ueTY5TVkxVnBIRFR3OEl2R2lxQ0MwYzltZjhRV0J5cUVhYy02NV9OR3hLcEFFR2stX3dzQ05SdEt6WExvZkZBVmZqdmc?oc=5\" target=\"_blank\" rel=\"nofollow noopener\">D\u00e4rf\u00f6r saknas Jimmie \u00c5kesson i riksdagens EU-debatt<\/a>&nbsp;&nbsp;Expressen<\/li>\n<li><a href=\"https:\/\/news.google.com\/rss\/articles\/CBMimAFBVV95cUxOaXIyM1h3LU5SZFJkUUxyUS1GRnVNX3BDOF9DeHZsRjJJSGRacDRwWnQyQ0kyem94N3ExSExXZVhVMkdobExLUThPd0pKX1lkYnVfYmhCYnlEbWowRjdleHBUdWdPb0VqZDB3cnpCQTEzOVlWWkRxY0tCNWhxQzFqQ3QtSVJxMkVJVUhBdmtLT0pKdWZoSWh3NQ?oc=5\" target=\"_blank\" rel=\"nofollow noopener\">Bostadsfr\u00e5gan blev inrikespolitisk h\u00f6gljudd i EU-debatt<\/a>&nbsp;&nbsp;Fastighetstidningen<\/li>\n<\/ol>\n","protected":false},"excerpt":{"rendered":"EU-deklarationen \u2013 regeringens prioriteringar i EU-arbetet&nbsp;&nbsp;Regeringen.se Provspel som SD:s n\u00e4sta partiledare&nbsp;&nbsp;SvD Partiledardebatt om Sveriges EU-politik&nbsp;&nbsp;SVT Nyheter D\u00e4rf\u00f6r saknas&hellip;\n","protected":false},"author":2,"featured_media":67452,"comment_status":"","ping_status":"","sticky":false,"template":"","format":"standard","meta":{"footnotes":""},"categories":[5],"tags":[22,23,26,27,17,21,24,25,28,29,15,16,18,34,31,33,32,30,19,20],"class_list":{"0":"post-78825","1":"post","2":"type-post","3":"status-publish","4":"format-standard","5":"has-post-thumbnail","7":"category-rubriker","8":"tag-breaking-news","9":"tag-breakingnews","10":"tag-featured-news","11":"tag-featurednews","12":"tag-headlines","13":"tag-huvudnyheter","14":"tag-latest-news","15":"tag-latestnews","16":"tag-main-news","17":"tag-mainnews","18":"tag-news","19":"tag-nyheter","20":"tag-rubriker","21":"tag-se","22":"tag-svenska","23":"tag-sverige","24":"tag-sweden","25":"tag-swedish","26":"tag-top-stories","27":"tag-topstories"},"share_on_mastodon":{"url":"https:\/\/pubeurope.com\/@se\/115537615423496513","error":""},"_links":{"self":[{"href":"https:\/\/www.europesays.com\/se\/wp-json\/wp\/v2\/posts\/78825","targetHints":{"allow":["GET"]}}],"collection":[{"href":"https:\/\/www.europesays.com\/se\/wp-json\/wp\/v2\/posts"}],"about":[{"href":"https:\/\/www.europesays.com\/se\/wp-json\/wp\/v2\/types\/post"}],"author":[{"embeddable":true,"href":"https:\/\/www.europesays.com\/se\/wp-json\/wp\/v2\/users\/2"}],"replies":[{"embeddable":true,"href":"https:\/\/www.europesays.com\/se\/wp-json\/wp\/v2\/comments?post=78825"}],"version-history":[{"count":0,"href":"https:\/\/www.europesays.com\/se\/wp-json\/wp\/v2\/posts\/78825\/revisions"}],"wp:featuredmedia":[{"embeddable":true,"href":"https:\/\/www.europesays.com\/se\/wp-json\/wp\/v2\/media\/67452"}],"wp:attachment":[{"href":"https:\/\/www.europesays.com\/se\/wp-json\/wp\/v2\/media?parent=78825"}],"wp:term":[{"taxonomy":"category","embeddable":true,"href":"https:\/\/www.europesays.com\/se\/wp-json\/wp\/v2\/categories?post=78825"},{"taxonomy":"post_tag","embeddable":true,"href":"https:\/\/www.europesays.com\/se\/wp-json\/wp\/v2\/tags?post=78825"}],"curies":[{"name":"wp","href":"https:\/\/api.w.org\/{rel}","templated":true}]}}