{"id":78840,"date":"2025-11-12T16:31:08","date_gmt":"2025-11-12T16:31:08","guid":{"rendered":"https:\/\/www.europesays.com\/se\/78840\/"},"modified":"2025-11-12T16:31:08","modified_gmt":"2025-11-12T16:31:08","slug":"kraver-inte-tillbaka-bistandet-fran-somalia","status":"publish","type":"post","link":"https:\/\/www.europesays.com\/se\/78840\/","title":{"rendered":"Kr\u00e4ver inte tillbaka bist\u00e5ndet fr\u00e5n Somalia"},"content":{"rendered":"<p>De bist\u00e5ndspengar som betalats ut till Somalia som en del av \u00f6verenskommelsen mellan landet och den svenska regeringen kommer inte att kr\u00e4vas tillbaka, enligt bist\u00e5ndsminister Benjamin Dousa (M). <\/p>\n<p>Ekot har under h\u00f6sten rapporterat att regeringen styrt om bist\u00e5ndspengar till landet, varav 100 miljoner hamnade hos projekt n\u00e4ra Hamza Abdi Barres, Somalias premi\u00e4rminister. Bist\u00e5ndspengarna betalades ut i utbyte mot att landet skulle ta emot medborgare som utvisats fr\u00e5n Sverige. <\/p>\n<p>Utvisningarna fr\u00e5n Sverige har stoppats, men enligt Dousa \u00e4r regeringen n\u00f6jd med \u00f6verenskommelsen. <\/p>\n<p>\u2013 Vi har ju lyckats utvisa m\u00e5nga somalier som inte \u00e4r svenska medborgare, en del av dem \u00e4r till och med kriminella, s\u00e4ger han till radion. <\/p>\n<p>Omni \u00e4r politiskt obundna och oberoende. Vi str\u00e4var efter att ge fler perspektiv p\u00e5 nyheterna. Har du fr\u00e5gor eller synpunkter kring v\u00e5r rapportering? <a href=\"https:\/\/omni.se\/dousa-kraver-inte-tillbaka-bistandet-fran-somalia\/a\/mailto:redaktion@omni.se\" class=\"ArticleActions_contactLink__W2F1M\" rel=\"nofollow noopener\" target=\"_blank\">Kontakta redaktionen<\/a><\/p>\n","protected":false},"excerpt":{"rendered":"De bist\u00e5ndspengar som betalats ut till Somalia som en del av \u00f6verenskommelsen mellan landet och den svenska regeringen&hellip;\n","protected":false},"author":2,"featured_media":78841,"comment_status":"","ping_status":"","sticky":false,"template":"","format":"standard","meta":{"footnotes":""},"categories":[5],"tags":[1482,1105,4633,22,23,1149,26,27,17,21,24,25,28,29,1510,551,15,16,369,18,34,4609,31,33,32,30,19,20,552],"class_list":{"0":"post-78840","1":"post","2":"type-post","3":"status-publish","4":"format-standard","5":"has-post-thumbnail","7":"category-rubriker","8":"tag-afrika","9":"tag-benjamin-dousa","10":"tag-bistandspolitik","11":"tag-breaking-news","12":"tag-breakingnews","13":"tag-faktaruta-omni","14":"tag-featured-news","15":"tag-featurednews","16":"tag-headlines","17":"tag-huvudnyheter","18":"tag-latest-news","19":"tag-latestnews","20":"tag-main-news","21":"tag-mainnews","22":"tag-migrationspolitik","23":"tag-moderaterna","24":"tag-news","25":"tag-nyheter","26":"tag-politik","27":"tag-rubriker","28":"tag-se","29":"tag-somalia","30":"tag-svenska","31":"tag-sverige","32":"tag-sweden","33":"tag-swedish","34":"tag-top-stories","35":"tag-topstories","36":"tag-utrikespolitik"},"share_on_mastodon":{"url":"https:\/\/pubeurope.com\/@se\/115537686220566915","error":""},"_links":{"self":[{"href":"https:\/\/www.europesays.com\/se\/wp-json\/wp\/v2\/posts\/78840","targetHints":{"allow":["GET"]}}],"collection":[{"href":"https:\/\/www.europesays.com\/se\/wp-json\/wp\/v2\/posts"}],"about":[{"href":"https:\/\/www.europesays.com\/se\/wp-json\/wp\/v2\/types\/post"}],"author":[{"embeddable":true,"href":"https:\/\/www.europesays.com\/se\/wp-json\/wp\/v2\/users\/2"}],"replies":[{"embeddable":true,"href":"https:\/\/www.europesays.com\/se\/wp-json\/wp\/v2\/comments?post=78840"}],"version-history":[{"count":0,"href":"https:\/\/www.europesays.com\/se\/wp-json\/wp\/v2\/posts\/78840\/revisions"}],"wp:featuredmedia":[{"embeddable":true,"href":"https:\/\/www.europesays.com\/se\/wp-json\/wp\/v2\/media\/78841"}],"wp:attachment":[{"href":"https:\/\/www.europesays.com\/se\/wp-json\/wp\/v2\/media?parent=78840"}],"wp:term":[{"taxonomy":"category","embeddable":true,"href":"https:\/\/www.europesays.com\/se\/wp-json\/wp\/v2\/categories?post=78840"},{"taxonomy":"post_tag","embeddable":true,"href":"https:\/\/www.europesays.com\/se\/wp-json\/wp\/v2\/tags?post=78840"}],"curies":[{"name":"wp","href":"https:\/\/api.w.org\/{rel}","templated":true}]}}