{"id":78846,"date":"2025-11-12T16:38:07","date_gmt":"2025-11-12T16:38:07","guid":{"rendered":"https:\/\/www.europesays.com\/se\/78846\/"},"modified":"2025-11-12T16:38:07","modified_gmt":"2025-11-12T16:38:07","slug":"lvu-harvan-i-alvsbyn-pappan-atalas-for-grova-sexualbrott-mot-barn","status":"publish","type":"post","link":"https:\/\/www.europesays.com\/se\/78846\/","title":{"rendered":"LVU-h\u00e4rvan i \u00c4lvsbyn: Pappan \u00e5talas f\u00f6r grova sexualbrott mot barn"},"content":{"rendered":"<p>Det var i augusti 2023 som \u00c4lvsbyns kommun <a href=\"https:\/\/www.svt.se\/nyheter\/lokalt\/norrbotten\/tre-barn-har-lvu-placerats-felaktigt-fem-handlaggare-i-alvsbyn-stangs-av--hg0ur9\" data-discover=\"true\" rel=\"nofollow noopener\" target=\"_blank\">rev upp LVU-beslut g\u00e4llande<\/a> tre barn efter att en granskning visade p\u00e5 stora brister. Beslutet att \u00e5terf\u00f6rena barnen har i efterhand f\u00e5tt skarp kritik.<\/p>\n<p>I oktober 2023, drygt en m\u00e5nad efter att barnen f\u00f6rdes tillbaka till f\u00f6r\u00e4ldrarna <a href=\"https:\/\/www.svt.se\/nyheter\/lokalt\/norrbotten\/uppgifter-till-dn-insatsstyrkan-har-slagit-till-i-alvsbyn--183tac\" data-discover=\"true\" rel=\"nofollow noopener\" target=\"_blank\">slog polisens insatsstyrka<\/a> till mot familjens bostad. Pappan misst\u00e4nktes f\u00f6r grova sexualbrott mot barn.<\/p>\n<p>\u00c5talas f\u00f6r flera grova brott<\/p>\n<p>Polisen har arbetat med utredningen som v\u00e4xt i \u00f6ver tv\u00e5 \u00e5r. De har g\u00e5tt igenom tusental bilder som pappan ska haft i sin telefon och dator.<\/p>\n<p>Pappan \u00e5talas f\u00f6r grovt utnyttjande av minder\u00e5riga barn f\u00f6r sexuell posering, grovt pornografibrott, tv\u00e5 fall av barnpornografi och <a href=\"https:\/\/www.svt.se\/nyheter\/lokalt\/norrbotten\/nya-misstankar-mot-pappan-i-alvsbyn-misshandel-efter-aterforeningen--vbbmcr\" data-discover=\"true\" rel=\"nofollow noopener\" target=\"_blank\">misshandel.<\/a><\/p>\n<p>\u201dHan har utnyttjat ett barn som vid tiden stod under hans fostran vilket inneburit att han utf\u00f6rt g\u00e4rningen genom att utnyttjat barnets s\u00e4rskilda f\u00f6rtroende f\u00f6r honom\u201d, skriver \u00e5klagaren om grovt utnyttjande av barn f\u00f6r sexuell posering.<\/p>\n<p>F\u00f6rnekar samtliga brott<\/p>\n<p>Pappan ska ha innehaft \u00f6ver 5\u00a0000 barnpornografiska bilder och filmer. Enligt \u00e5klagaren \u00e4r det 1\u00a0695 bilder och 18 filmer som utg\u00f6r s\u00e5 kallat s\u00e4rskilt h\u00e4nsynsl\u00f6st \u00f6vergreppsmaterial.<\/p>\n<p>Pappan f\u00f6rnekar samtliga brott.<\/p>\n","protected":false},"excerpt":{"rendered":"Det var i augusti 2023 som \u00c4lvsbyns kommun rev upp LVU-beslut g\u00e4llande tre barn efter att en granskning&hellip;\n","protected":false},"author":2,"featured_media":78847,"comment_status":"","ping_status":"","sticky":false,"template":"","format":"standard","meta":{"footnotes":""},"categories":[12],"tags":[22,23,26,27,17,21,24,25,28,29,15,16,18,34,31,33,32,30,19,20],"class_list":{"0":"post-78846","1":"post","2":"type-post","3":"status-publish","4":"format-standard","5":"has-post-thumbnail","7":"category-sverige","8":"tag-breaking-news","9":"tag-breakingnews","10":"tag-featured-news","11":"tag-featurednews","12":"tag-headlines","13":"tag-huvudnyheter","14":"tag-latest-news","15":"tag-latestnews","16":"tag-main-news","17":"tag-mainnews","18":"tag-news","19":"tag-nyheter","20":"tag-rubriker","21":"tag-se","22":"tag-svenska","23":"tag-sverige","24":"tag-sweden","25":"tag-swedish","26":"tag-top-stories","27":"tag-topstories"},"share_on_mastodon":{"url":"https:\/\/pubeurope.com\/@se\/115537713837624383","error":""},"_links":{"self":[{"href":"https:\/\/www.europesays.com\/se\/wp-json\/wp\/v2\/posts\/78846","targetHints":{"allow":["GET"]}}],"collection":[{"href":"https:\/\/www.europesays.com\/se\/wp-json\/wp\/v2\/posts"}],"about":[{"href":"https:\/\/www.europesays.com\/se\/wp-json\/wp\/v2\/types\/post"}],"author":[{"embeddable":true,"href":"https:\/\/www.europesays.com\/se\/wp-json\/wp\/v2\/users\/2"}],"replies":[{"embeddable":true,"href":"https:\/\/www.europesays.com\/se\/wp-json\/wp\/v2\/comments?post=78846"}],"version-history":[{"count":0,"href":"https:\/\/www.europesays.com\/se\/wp-json\/wp\/v2\/posts\/78846\/revisions"}],"wp:featuredmedia":[{"embeddable":true,"href":"https:\/\/www.europesays.com\/se\/wp-json\/wp\/v2\/media\/78847"}],"wp:attachment":[{"href":"https:\/\/www.europesays.com\/se\/wp-json\/wp\/v2\/media?parent=78846"}],"wp:term":[{"taxonomy":"category","embeddable":true,"href":"https:\/\/www.europesays.com\/se\/wp-json\/wp\/v2\/categories?post=78846"},{"taxonomy":"post_tag","embeddable":true,"href":"https:\/\/www.europesays.com\/se\/wp-json\/wp\/v2\/tags?post=78846"}],"curies":[{"name":"wp","href":"https:\/\/api.w.org\/{rel}","templated":true}]}}