{"id":78852,"date":"2025-11-12T16:46:14","date_gmt":"2025-11-12T16:46:14","guid":{"rendered":"https:\/\/www.europesays.com\/se\/78852\/"},"modified":"2025-11-12T16:46:14","modified_gmt":"2025-11-12T16:46:14","slug":"staten-och-jk-kovander-i-fjalljaktsmal","status":"publish","type":"post","link":"https:\/\/www.europesays.com\/se\/78852\/","title":{"rendered":"Staten och JK kov\u00e4nder i fj\u00e4lljaktsm\u00e5l"},"content":{"rendered":"<p>            <img width=\"2048\" height=\"972\" src=\"https:\/\/www.europesays.com\/se\/wp-content\/uploads\/2025\/11\/HWUJFOX26SRPYD5.jpg\" class=\"attachment-full size-full\" alt=\"\" decoding=\"async\" fetchpriority=\"high\"  \/><\/p>\n<p id=\"caption-attachment-240528\" class=\"wp-caption-text\">Justitiekanslern meddelar att de nu g\u00f6r en annan bed\u00f6mning \u00e4n tidigare n\u00e4r det g\u00e4ller vilka inv\u00e4ndningar som b\u00f6r g\u00f6ras i de aktuella m\u00e5len. Foto: Per Jonson<\/p>\n<p data-beyondwords-marker=\"0234c898-a5e4-455f-a17e-b1fb77728569\">Justitiekanslern f\u00f6retr\u00e4der staten i p\u00e5g\u00e5ende m\u00e5l i G\u00e4llivare och Lycksele tingsr\u00e4tt, om uppl\u00e5telse av sm\u00e5viltsjakt och fiske p\u00e5 statlig mark ovan odlingsgr\u00e4ns. M\u00e5len \u00e4r civilr\u00e4ttsliga och grundar sig p\u00e5 att flera samebyar p\u00e5 samma s\u00e4tt som Girjas kr\u00e4ver uppl\u00e5telser\u00e4tten f\u00f6r sm\u00e5viltsjakt och fiske.<\/p>\n<p>            <img loading=\"lazy\" width=\"1899\" height=\"2560\" src=\"https:\/\/www.europesays.com\/se\/wp-content\/uploads\/2025\/11\/Q5IKBET3HZYRWSV-scaled.jpg\" class=\"size-portrait\" alt=\"\" decoding=\"async\"  \/><\/p>\n<p id=\"caption-attachment-240526\" class=\"wp-caption-text\">Justitiekansler Thomas Bull. Foto: Press<\/p>\n<p data-beyondwords-marker=\"06d13b6d-5405-43d7-a6d9-c5c142788581\">Under onsdagen inkom Justitiekanslern med yttrande i de p\u00e5g\u00e5ende m\u00e5len. I ett <a href=\"https:\/\/www.jk.se\/om-oss\/aktuellt\/2025\/justitiekanslern-goer-gaellande-att-rennaeringslagens-upplaatelseregler-ska-tillaempas-i-raettegaangar-daer-samebyar-staemt-staten-angaaende-baettre-raett-till-jakt-och-fiske\/\" rel=\"nofollow noopener\" target=\"_blank\">uttalande p\u00e5 JK:s hemsida<\/a> framg\u00e5r att staten nu g\u00f6r en ny bed\u00f6mning:<\/p>\n<p data-beyondwords-marker=\"4ef1e514-51ac-42b3-a051-25edb63c71d4\">\u201dStaten har nu ompr\u00f6vat sitt tidigare st\u00e4llningstagande och g\u00f6r numera g\u00e4llande att uppl\u00e5telsereglerna i 31\u201334 \u00a7\u00a7 renn\u00e4ringslagen inneb\u00e4r att samebyarnas talan ska avsl\u00e5s. Enligt dessa regler f\u00e5r en sameby eller en medlem i en sameby inte uppl\u00e5ta r\u00e4ttigheter som ing\u00e5r i rensk\u00f6tselr\u00e4tten, t.ex. r\u00e4tten till jakt och fiske.\u201d<\/p>\n<p data-beyondwords-marker=\"273e097f-bd00-4aa8-be7b-c23e5c885588\">Enligt ett pressmeddelande fr\u00e5n Justitiekanslern g\u00f6r Thomas Bull en annan bed\u00f6mning \u00e4n tidigare n\u00e4r det g\u00e4ller vilka inv\u00e4ndningar som b\u00f6r g\u00f6ras i dessa m\u00e5l: Det finns inget hinder att till\u00e4mpa renn\u00e4ringslagens uppl\u00e5telseregler. De strider enligt <a href=\"https:\/\/svenskjakt.se\/tag\/jk\/\" class=\"tag-link\" aria-label=\"JK\" rel=\"nofollow noopener\" target=\"_blank\">JK<\/a> inte mot vare sig Europakonventionen eller Sveriges \u00f6vriga folkr\u00e4ttsliga f\u00f6rpliktelser.<\/p>\n<p data-beyondwords-marker=\"57a6a1c6-c49c-4055-80d3-c725b21cb2dd\">Justitiekanslern skriver i uttalandet vidare att:<\/p>\n<p data-beyondwords-marker=\"8ffa8e64-191d-48ad-b32d-faa94ad4415f\">\u201dRenn\u00e4ringslagens f\u00f6rh\u00e5llande till grundlagens regler \u00e4r enligt statens mening av s\u00e5dan vikt att den under alla omst\u00e4ndigheter b\u00f6r pr\u00f6vas i domstol. Justitiekanslern anser att denna prejudikatfr\u00e5ga l\u00e4mpligen b\u00f6r pr\u00f6vas direkt av H\u00f6gsta domstolen.\u201d<\/p>\n<p data-beyondwords-marker=\"f3e8cca0-0537-429c-a490-39db95fe7819\">I en <a href=\"https:\/\/svenskjakt.se\/start\/nyhet\/del-7-staten-forlorade-mot-girjas-valjer-anda-samma-vag-i-nya-forhandlingar\/\" data-type=\"post\" data-id=\"235604\" rel=\"nofollow noopener\" target=\"_blank\">intervju med Svensk Jakt<\/a> den 27 augusti i \u00e5r sa Thomas Bull att han som f\u00f6retr\u00e4dare f\u00f6r staten inte avs\u00e5g till\u00e4mpa renn\u00e4ringslagens uppl\u00e5telseregler.<\/p>\n<blockquote class=\"wp-embedded-content\">\n<p>                                  <img decoding=\"async\" src=\"https:\/\/www.europesays.com\/se\/wp-content\/uploads\/2025\/09\/fjall-jo-150x150.jpg\" alt=\"Del 7: Staten f\u00f6rlorade mot Girjas \u2013 v\u00e4ljer \u00e4nd\u00e5 samma v\u00e4g i nya f\u00f6rhandlingar\"\/><\/p>\n<\/blockquote>\n<p data-beyondwords-marker=\"2124a759-e92f-4222-9c75-84000fe047b3\">\u2013 Det \u00e4r ett \u00f6verv\u00e4gande som har gjorts f\u00f6r v\u00e4ldigt l\u00e4nge sedan n\u00e4r de h\u00e4r processerna b\u00f6rjade. Det har v\u00e4l egentligen inte jag n\u00e5gon inblick i. Jag blev justitiekansler i mars i \u00e5r, s\u00e5 jag var inte med och fattade de besluten hur man ville utforma sitt svarom\u00e5l. Man har g\u00e5tt p\u00e5 linjen att det ska pr\u00f6vas p\u00e5 samma s\u00e4tt som i <a href=\"https:\/\/svenskjakt.se\/tag\/girjasmalet\/\" class=\"tag-link\" aria-label=\"Girjasm\u00e5let\" rel=\"nofollow noopener\" target=\"_blank\">Girjasm\u00e5let<\/a>, som en fr\u00e5ga om urminnes h\u00e4vd, sa Thomas Bull till Svensk Jakt d\u00e5.<\/p>\n<p data-beyondwords-marker=\"dc2d83fd-2fc4-43ac-8a8a-6f0436ca3f42\">Thomas Bull hade d\u00e5 heller inget egentligt svar p\u00e5 varf\u00f6r inte lagstiftningen skulle pr\u00f6vas, men h\u00e4nvisade till att det var l\u00e5ngdragna processer och att det skulle f\u00f6refalla godtyckligt att \u00e4ndra statens inst\u00e4llning nu.<\/p>\n<p data-beyondwords-marker=\"6f205ff4-d239-429a-86fc-75db72b073eb\">Vad som nu f\u00f6ranleder statens \u2013 genom Justitiekanslerns \u2013 f\u00f6r\u00e4ndrade inst\u00e4llning i fr\u00e5gan anges inte i pressmeddelandet fr\u00e5n JK.<\/p>\n<p data-beyondwords-marker=\"af37a404-7801-43ee-a535-31aa9d3adfb9\">Svensk Jakt s\u00f6ker JK Thomas Bull f\u00f6r en kommentar.<\/p>\n<p data-beyondwords-marker=\"7016ced3-5aa0-42f7-8499-bbae536758b4\">Svenska J\u00e4garef\u00f6rbundet <a href=\"https:\/\/jagareforbundet.se\/fjalljakten\/senaste-om-fjalljakten\/2025\/11\/jk-andrar-sig-i-fjalljaktsmalen\/\" rel=\"nofollow noopener\" target=\"_blank\">kommenterar JK:s nya f\u00f6rh\u00e5llningss\u00e4tt p\u00e5 sin hemsida<\/a>, d\u00e4r f\u00f6rbundets f\u00f6rste vice ordf\u00f6rande Mikael Samuelsson uttalar sig:<\/p>\n<p data-beyondwords-marker=\"b5652bb3-8100-46b6-8d21-a7d7d7a8b968\">\u2013 Jag ser detta som en delseger. Det \u00e4r v\u00e4ldigt bra att JK vill ha pr\u00f6vning av all lagstiftning i fj\u00e4lljaktsm\u00e5len och inte bara enligt urminnes h\u00e4vd.<\/p>\n<p data-beyondwords-marker=\"3aa2975d-de4a-4858-8759-dc2483ece317\">J\u00e4garef\u00f6rbundets syfte med att <a href=\"https:\/\/svenskjakt.se\/start\/nyhet\/jagareforbundet-vill-bli-part-i-fjalljaktsmal-ansoker-om-intervention\/\" data-type=\"post\" data-id=\"237528\" rel=\"nofollow noopener\" target=\"_blank\">beg\u00e4ra intervenering i de aktuella m\u00e5len<\/a> var att f\u00e5 till st\u00e5nd en pr\u00f6vning av hela lagstiftningen.<\/p>\n<blockquote class=\"wp-embedded-content\">\n<p>                                  <img decoding=\"async\" src=\"https:\/\/www.europesays.com\/se\/wp-content\/uploads\/2025\/11\/intervention-150x150.jpg\" alt=\"J\u00e4garef\u00f6rbundet vill bli part i fj\u00e4lljaktsm\u00e5l \u2013 ans\u00f6ker om intervention\"\/><\/p>\n<\/blockquote>\n<p data-beyondwords-marker=\"271abacc-93a4-43eb-9650-2be26620561b\">\u2013 V\u00e5r grundinst\u00e4llning ligger fast. Vi vill ha en l\u00f6sning som faktiskt l\u00f6ser de problem och utmaningar som finns idag. Att pr\u00f6va hela lagstiftningen i m\u00e5len och inte bara delarna om urminnes h\u00e4vd \u00e4r bra. Men f\u00f6r att l\u00f6sa fr\u00e5gan p\u00e5 sikt beh\u00f6vs politiska beslut med bred majoritet, d\u00e4r man beaktar s\u00e5v\u00e4l f\u00f6ruts\u00e4ttningarna f\u00f6r rensk\u00f6tseln, jakten, fisket och friluftslivet, s\u00e4ger Mikael Samuelsson p\u00e5 J\u00e4garef\u00f6rbundets hemsida.<\/p>\n<p>\nMissa ingenting \u2013 f\u00e5 Svensk Jakts nyheter i din mejlbox<br \/>\nNyhetsbrevet skickas ut varje vardag.<\/p>\n","protected":false},"excerpt":{"rendered":"Justitiekanslern meddelar att de nu g\u00f6r en annan bed\u00f6mning \u00e4n tidigare n\u00e4r det g\u00e4ller vilka inv\u00e4ndningar som b\u00f6r&hellip;\n","protected":false},"author":2,"featured_media":78853,"comment_status":"","ping_status":"","sticky":false,"template":"","format":"standard","meta":{"footnotes":""},"categories":[12],"tags":[22,23,26,27,17,21,24,25,28,29,15,16,18,34,31,33,32,30,19,20],"class_list":{"0":"post-78852","1":"post","2":"type-post","3":"status-publish","4":"format-standard","5":"has-post-thumbnail","7":"category-sverige","8":"tag-breaking-news","9":"tag-breakingnews","10":"tag-featured-news","11":"tag-featurednews","12":"tag-headlines","13":"tag-huvudnyheter","14":"tag-latest-news","15":"tag-latestnews","16":"tag-main-news","17":"tag-mainnews","18":"tag-news","19":"tag-nyheter","20":"tag-rubriker","21":"tag-se","22":"tag-svenska","23":"tag-sverige","24":"tag-sweden","25":"tag-swedish","26":"tag-top-stories","27":"tag-topstories"},"share_on_mastodon":{"url":"https:\/\/pubeurope.com\/@se\/115537745678827913","error":""},"_links":{"self":[{"href":"https:\/\/www.europesays.com\/se\/wp-json\/wp\/v2\/posts\/78852","targetHints":{"allow":["GET"]}}],"collection":[{"href":"https:\/\/www.europesays.com\/se\/wp-json\/wp\/v2\/posts"}],"about":[{"href":"https:\/\/www.europesays.com\/se\/wp-json\/wp\/v2\/types\/post"}],"author":[{"embeddable":true,"href":"https:\/\/www.europesays.com\/se\/wp-json\/wp\/v2\/users\/2"}],"replies":[{"embeddable":true,"href":"https:\/\/www.europesays.com\/se\/wp-json\/wp\/v2\/comments?post=78852"}],"version-history":[{"count":0,"href":"https:\/\/www.europesays.com\/se\/wp-json\/wp\/v2\/posts\/78852\/revisions"}],"wp:featuredmedia":[{"embeddable":true,"href":"https:\/\/www.europesays.com\/se\/wp-json\/wp\/v2\/media\/78853"}],"wp:attachment":[{"href":"https:\/\/www.europesays.com\/se\/wp-json\/wp\/v2\/media?parent=78852"}],"wp:term":[{"taxonomy":"category","embeddable":true,"href":"https:\/\/www.europesays.com\/se\/wp-json\/wp\/v2\/categories?post=78852"},{"taxonomy":"post_tag","embeddable":true,"href":"https:\/\/www.europesays.com\/se\/wp-json\/wp\/v2\/tags?post=78852"}],"curies":[{"name":"wp","href":"https:\/\/api.w.org\/{rel}","templated":true}]}}