{"id":78854,"date":"2025-11-12T16:47:18","date_gmt":"2025-11-12T16:47:18","guid":{"rendered":"https:\/\/www.europesays.com\/se\/78854\/"},"modified":"2025-11-12T16:47:18","modified_gmt":"2025-11-12T16:47:18","slug":"medarbetare-vid-hovet-misstanks-for-barnsexbrott","status":"publish","type":"post","link":"https:\/\/www.europesays.com\/se\/78854\/","title":{"rendered":"Medarbetare vid hovet misst\u00e4nks f\u00f6r barnsexbrott"},"content":{"rendered":"<p><img decoding=\"async\" class=\"image-asset hyperion-css-n6kkq1\" data-test-tag=\"image-asset\" src=\"https:\/\/www.europesays.com\/se\/wp-content\/uploads\/2025\/11\/a3a72f59-a972-44b2-b571-2462f5ee274a\"  alt=\"\"  loading=\"lazy\" fetchpriority=\"auto\" style=\"aspect-ratio:1900 \/ 1900\"\/><img decoding=\"async\" class=\"image-asset hyperion-css-n6kkq1\" data-test-tag=\"image-asset\" src=\"https:\/\/www.europesays.com\/se\/wp-content\/uploads\/2025\/11\/1762966037_130_45ab1c47-658b-4c7d-bfe6-463d085cb721\"  alt=\"\"  loading=\"lazy\" fetchpriority=\"auto\" style=\"aspect-ratio:1900 \/ 1900\"\/>share-arrowDela<\/p>\n<p>unsaveSpara<\/p>\n<p>expand-left<\/p>\n<p>helsk\u00e4rm<img decoding=\"async\" class=\"image-asset hyperion-css-u06ts1\" data-test-tag=\"image-asset\" src=\"https:\/\/www.europesays.com\/se\/wp-content\/uploads\/2025\/11\/41bc115b-238a-4b47-af67-f3f8614a6269\"  alt=\"Mannen togs ur tj\u00e4nst n\u00e4r hovet fick k\u00e4nnedom om misstankarna.\"  loading=\"eager\" fetchpriority=\"high\" style=\"aspect-ratio:1900 \/ 1007\"\/>Mannen togs ur tj\u00e4nst n\u00e4r hovet fick k\u00e4nnedom om misstankarna. Foto: Nicklas Thegerstr\u00f6m<\/p>\n<p class=\"hyperion-css-1shl3oz\" data-test-tag=\"lead-text\">En tidigare hovanst\u00e4lld misst\u00e4nks f\u00f6r flera fall av sexbrott mot barn.<\/p>\n<p class=\"hyperion-css-1shl3oz\" data-test-tag=\"lead-text\">Mannen arbetade n\u00e4ra kungafamiljen och var ocks\u00e5 inbjuden till ett kungligt dop. <\/p>\n<p class=\"hyperion-css-1shl3oz\" data-test-tag=\"lead-text\">\u2013 N\u00e4r hovet fick k\u00e4nnedom av polisen om det h\u00e4r \u00e4rendet s\u00e5 togs han ur tj\u00e4nst med omedelbar verkan, s\u00e4ger Margareta Thorgren, informationschef vid hovet.<\/p>\n<p class=\"hyperion-css-1v9qo5x\">En oroad f\u00f6r\u00e4lder till en flicka larmade polisen efter att ha uppdagat att dottern chattat med en ok\u00e4nd person p\u00e5 Snapchat.<\/p>\n<p class=\"hyperion-css-1v9qo5x\">Det blev b\u00f6rjan p\u00e5 en barnpornografisk h\u00e4rva med en 50-\u00e5ring med n\u00e4ra kopplingar till kungahuset som misst\u00e4nkt.<\/p>\n<p class=\"hyperion-css-1v9qo5x\">\u2013 Man tog in den h\u00e4r flickans telefon och unders\u00f6kte den. Det var s\u00e5 det hela uppdagades, s\u00e4ger \u00e5klagare Tomas Engman.<\/p>\n<p class=\"hyperion-css-1v9qo5x\">Sp\u00e5ren fr\u00e5n flickans telefon ledde polisen till den misst\u00e4nkte mannen. Utredningen mot honom v\u00e4xte snabbt. Polisen har totalt lyckats identifiera tio flickor via chattar och bilder i mannens telefon.<\/p>\n<p>expand-left<\/p>\n<p>helsk\u00e4rm<img decoding=\"async\" class=\"image-asset hyperion-css-u06ts1\" data-test-tag=\"image-asset\" src=\"https:\/\/www.europesays.com\/se\/wp-content\/uploads\/2025\/11\/61d2d29e-fc75-4775-9475-afe873e1a6ba\"  alt=\"Mannen hade kontakt med flickorna p\u00e5 Snapchat.\"  loading=\"eager\" fetchpriority=\"high\" style=\"aspect-ratio:1900 \/ 1267\"\/>Mannen hade kontakt med flickorna p\u00e5 Snapchat. Foto: Larsen, H\u00e5kon Mosvold \/ NTB<\/p>\n<p class=\"hyperion-css-1v9qo5x\">Flickorna var, enligt st\u00e4mningsans\u00f6kan mot mannen, mellan sju och 14 \u00e5r gamla n\u00e4r mannen kontaktade dem och chattade med dem p\u00e5 den sociala plattformen Snapchat.<\/p>\n<p class=\"hyperion-css-1v9qo5x\">Vid en husrannsakan i den misst\u00e4nkte mannens bostad hittades ocks\u00e5 100 barnpornografiska bilder. <\/p>\n<p>Fler flickor som \u00e4nnu inte identifierats<\/p>\n<p class=\"hyperion-css-1v9qo5x\">Totalt \u00e5talas han nu f\u00f6r flera fall av utnyttjande av barn f\u00f6r sexuell posering, flera fall av barnpornografibrott samt f\u00f6r kr\u00e4nkande fotografering. Detta d\u00e5 han enligt \u00e5talet ocks\u00e5 ska ha fotograferat en flicka p\u00e5 ett poolomr\u00e5de i smyg. <\/p>\n<p class=\"hyperion-css-1v9qo5x\">Enligt utredningen har mannen utgett sig f\u00f6r att vara en ung kille n\u00e4r han chattade med barnen.<\/p>\n<p class=\"hyperion-css-1v9qo5x\">\u2013 Han har groomat dem helt enkelt. Skickat hj\u00e4rtan och komplimanger till dem och f\u00f6rm\u00e5tt dem att skicka bilder p\u00e5 sig sj\u00e4lva. En klassisk gromning, s\u00e4ger \u00e5klagare Tomas Engman.<\/p>\n<p class=\"hyperion-css-1v9qo5x\">Ut\u00f6ver de tio utsatta flickorna som \u00e4r m\u00e5ls\u00e4gande finns det fler som blivit utsatta. <\/p>\n<p class=\"hyperion-css-1v9qo5x\">Polisen hittade bilder p\u00e5 flera flickor hemma hos mannen.<\/p>\n<p class=\"hyperion-css-1v9qo5x\">\u2013 Det \u00e4r flickor som vi \u00e4nnu inte identifierat, s\u00e4ger Tomas Engman.<\/p>\n<p class=\"hyperion-css-1v9qo5x\">Det arbetet p\u00e5g\u00e5r emellertid fortfarande.<\/p>\n<p class=\"hyperion-css-1v9qo5x\">I utredningen av mannen hittade man ocks\u00e5 digitala sp\u00e5r d\u00e4r han haft diskussioner med andra likasinnade m\u00e4n.<\/p>\n<p class=\"hyperion-css-1v9qo5x\">\u2013 Det finns sp\u00e5r p\u00e5 hans telefon d\u00e4r han diskuterat med andra m\u00e4n om potentiella flickor. Man har till exempel tipsat varandra om flickor som varit l\u00e4tta att f\u00e5 bilder fr\u00e5n.<\/p>\n<p>expand-left<\/p>\n<p>helsk\u00e4rm<img decoding=\"async\" class=\"image-asset hyperion-css-u06ts1\" data-test-tag=\"image-asset\" src=\"https:\/\/www.europesays.com\/se\/wp-content\/uploads\/2025\/11\/f6b108ad-8cfe-4b75-8d0e-87b3003cb42d\"  alt=\"Mannen hade en tj\u00e4nst d\u00e4r han arbetade n\u00e4ra kungafamiljen.\"  loading=\"eager\" fetchpriority=\"high\" style=\"aspect-ratio:1900 \/ 1140\"\/>Mannen hade en tj\u00e4nst d\u00e4r han arbetade n\u00e4ra kungafamiljen. Foto: Magnus Lejhall\/TTVar bjuden p\u00e5 kungligt dop<\/p>\n<p class=\"hyperion-css-1v9qo5x\">Brotten som mannen misst\u00e4nks f\u00f6r ska ha intr\u00e4ffat mellan 1 januari 2020 och mars 2023, enligt st\u00e4mningsans\u00f6kan.<\/p>\n<p class=\"hyperion-css-1v9qo5x\">N\u00e4r polisen kom mannen p\u00e5 sp\u00e5ren var han anst\u00e4lld av hovet och hade ocks\u00e5 en tj\u00e4nst d\u00e4r han arbetade n\u00e4ra kungafamiljen.<\/p>\n<p class=\"hyperion-css-1v9qo5x\">\u2013 N\u00e4r hovet fick k\u00e4nnedom av polisen om det h\u00e4r \u00e4rendet under 2023 s\u00e5 togs han ur tj\u00e4nst med omedelbar verkan, s\u00e4ger <a data-test-tag=\"internal-link\" href=\"https:\/\/www.aftonbladet.se\/tagg\/margareta-thorgren\" class=\"hyperion-css-15jkft9\" rel=\"nofollow noopener\" target=\"\" aria-label=\"Margareta Thorgren\">Margareta Thorgren<\/a>, informationschef vid hovet.<\/p>\n<p class=\"hyperion-css-1v9qo5x\">Enligt vad Aftonbladet erfar var mannen inbjuden p\u00e5 ett kungligt dop med efterf\u00f6ljande mottagning under perioden han arbetade inom hovet.<\/p>\n<p class=\"hyperion-css-1v9qo5x\">Informationschef Margareta Thorgren konstaterar att hovets s\u00e4kerhetsrutiner fungerat d\u00e5 man direkt agerade och tog mannen ur tj\u00e4nst. <\/p>\n<p class=\"hyperion-css-1v9qo5x\">Mannen kommer inte att \u00e5terv\u00e4nda till n\u00e5gon tj\u00e4nst inom hovet i framtiden. <\/p>\n","protected":false},"excerpt":{"rendered":"share-arrowDela unsaveSpara expand-left helsk\u00e4rmMannen togs ur tj\u00e4nst n\u00e4r hovet fick k\u00e4nnedom om misstankarna. Foto: Nicklas Thegerstr\u00f6m En tidigare&hellip;\n","protected":false},"author":2,"featured_media":78855,"comment_status":"","ping_status":"","sticky":false,"template":"","format":"standard","meta":{"footnotes":""},"categories":[5],"tags":[22,23,26,27,17,21,24,25,28,29,15,16,18,34,31,33,32,30,19,20],"class_list":{"0":"post-78854","1":"post","2":"type-post","3":"status-publish","4":"format-standard","5":"has-post-thumbnail","7":"category-rubriker","8":"tag-breaking-news","9":"tag-breakingnews","10":"tag-featured-news","11":"tag-featurednews","12":"tag-headlines","13":"tag-huvudnyheter","14":"tag-latest-news","15":"tag-latestnews","16":"tag-main-news","17":"tag-mainnews","18":"tag-news","19":"tag-nyheter","20":"tag-rubriker","21":"tag-se","22":"tag-svenska","23":"tag-sverige","24":"tag-sweden","25":"tag-swedish","26":"tag-top-stories","27":"tag-topstories"},"share_on_mastodon":{"url":"https:\/\/pubeurope.com\/@se\/115537749209470868","error":""},"_links":{"self":[{"href":"https:\/\/www.europesays.com\/se\/wp-json\/wp\/v2\/posts\/78854","targetHints":{"allow":["GET"]}}],"collection":[{"href":"https:\/\/www.europesays.com\/se\/wp-json\/wp\/v2\/posts"}],"about":[{"href":"https:\/\/www.europesays.com\/se\/wp-json\/wp\/v2\/types\/post"}],"author":[{"embeddable":true,"href":"https:\/\/www.europesays.com\/se\/wp-json\/wp\/v2\/users\/2"}],"replies":[{"embeddable":true,"href":"https:\/\/www.europesays.com\/se\/wp-json\/wp\/v2\/comments?post=78854"}],"version-history":[{"count":0,"href":"https:\/\/www.europesays.com\/se\/wp-json\/wp\/v2\/posts\/78854\/revisions"}],"wp:featuredmedia":[{"embeddable":true,"href":"https:\/\/www.europesays.com\/se\/wp-json\/wp\/v2\/media\/78855"}],"wp:attachment":[{"href":"https:\/\/www.europesays.com\/se\/wp-json\/wp\/v2\/media?parent=78854"}],"wp:term":[{"taxonomy":"category","embeddable":true,"href":"https:\/\/www.europesays.com\/se\/wp-json\/wp\/v2\/categories?post=78854"},{"taxonomy":"post_tag","embeddable":true,"href":"https:\/\/www.europesays.com\/se\/wp-json\/wp\/v2\/tags?post=78854"}],"curies":[{"name":"wp","href":"https:\/\/api.w.org\/{rel}","templated":true}]}}