{"id":78862,"date":"2025-11-12T16:55:19","date_gmt":"2025-11-12T16:55:19","guid":{"rendered":"https:\/\/www.europesays.com\/se\/78862\/"},"modified":"2025-11-12T16:55:19","modified_gmt":"2025-11-12T16:55:19","slug":"ukraina-slar-larm-om-fornyad-rysk-offensiv","status":"publish","type":"post","link":"https:\/\/www.europesays.com\/se\/78862\/","title":{"rendered":"Ukraina sl\u00e5r larm om f\u00f6rnyad rysk offensiv"},"content":{"rendered":"<p>Pokrovsk riskerar att falla vilken dag som helst.<\/p>\n<p>Nu f\u00f6rnyar Ryssland sin offensiv \u00e4ven i Zaporizjzja.<\/p>\n<p>\u2013 L\u00e4get \u00e4r sv\u00e5rt, s\u00e4ger Ukrainas president Volodymyr Zelenskyj.<\/p>\n<p>Senaste klippen om kriget i Ukraina.<img   alt=\"\"\/><\/p>\n<p>Ryssland forts\u00e4tter pressa Ukraina i Pokrovsk \u2013 och \u00e4ven i Zaporizjzja.<\/p>\n<p>Foto: AP \/ TT<\/p>\n<p>\u00d6ppna bild i helsk\u00e4rm<img loading=\"lazy\"   alt=\"\"\/><\/p>\n<p>Zelenskyj beskriver l\u00e4get som sv\u00e5rt.<\/p>\n<p>Foto: POU \/ STELLA PICTURES<\/p>\n<p>\u00d6ppna bild i helsk\u00e4rm<img loading=\"lazy\"   alt=\"\"\/><\/p>\n<p>Rysslands president Vladimir Putin.<\/p>\n<p>Foto: SERGEI KARPUKHIN \/ AP TT NYHETSBYR\u00c5N<\/p>\n<p>\u00d6ppna bild i helsk\u00e4rm<\/p>\n<p>Situationen f\u00f6r de ukrainska soldaterna som fortfarande h\u00e5ller emot i det viktiga f\u00e4stet Pokrovsk, i Donetsk, har de senaste veckorna beskrivits som desperat. H\u00e4romdagen skrev <a href=\"https:\/\/www.expressen.se\/tagg\/location\/ukraina\/\" rel=\"nofollow noopener\" target=\"_blank\">Ukrainas<\/a> tidigare bitr\u00e4dande f\u00f6rsvarsminister Vitalij Dejneha p\u00e5 Facebook att styrkorna m\u00e5ste ge sig av innan det \u00e4r f\u00f6r sent.\u00a0<\/p>\n<p>P\u00e5 tisdagen rapporteras om att ytterligare hundratals <a href=\"https:\/\/www.expressen.se\/tagg\/location\/ryssland\/\" rel=\"nofollow noopener\" target=\"_blank\">ryska<\/a> soldater lyckats tr\u00e4nga in i staden.\u00a0<\/p>\n<p>I skydd av tung dimma \u00e4r de sv\u00e5ruppt\u00e4ckta f\u00f6r de ukrainska dr\u00f6narna n\u00e4r de tr\u00e4nger in s\u00f6derifr\u00e5n och f\u00f6rs\u00f6ker n\u00e5 Pokrovsk nordliga delar, f\u00f6r att kunna omringa hela stadsk\u00e4rnan. \u00a0<\/p>\n<p>\u00c4ven i Zaporizjzja p\u00e5g\u00e5r h\u00e5rda strider i en f\u00f6rnyad rysk offensiv.<\/p>\n<p>\u201dAngriparen har \u00f6kat sin aktivitet i Zaporizjzja\u201d skriver <a href=\"https:\/\/www.expressen.se\/tagg\/location\/ukraina\/\" class=\"\" rel=\"nofollow noopener\" target=\"_blank\">Ukrainas<\/a> \u00f6verbef\u00e4lhavare Oleksandr Syrskyj p\u00e5 Telegram.<\/p>\n<p>Tvingats retirera<\/p>\n<p>Enligt Syrskyj utnyttjar ryssarna v\u00e4derf\u00f6rh\u00e5llandena \u2013 den t\u00e4ta dimman \u2013 f\u00f6r att ta sig fram mellan de ukrainska positionerna.\u00a0<\/p>\n<p>\u201dSituationen har f\u00f6rs\u00e4mrats avsev\u00e4rt&#8230; Med sin numer\u00e4ra och materiella \u00f6verl\u00e4gsenhet rycker de fram under h\u00e5rda strider och har tagit kontroll \u00f6ver tre samh\u00e4llen\u201d, skriver han vidare.<\/p>\n<p>Samtidigt s\u00e4ger den milit\u00e4ra talespersonen Vladyslav Volosjyn till <a href=\"https:\/\/kyivindependent.com\/ukrainian-forces-pull-back-from-positions-near-5-settlements-in-zaporizhzhia-oblast\/\" rel=\"nofollow noopener\" target=\"_blank\">Kyiv Independent<\/a> att de ukrainska styrkorna tvingats retirera fr\u00e5n positioner i n\u00e4rheten av fem samh\u00e4llen i regionen. S\u00e4rskilt illa \u00e4r l\u00e4get i nord\u00f6stra Zaporizjzja, d\u00e4r de ryska styrkorna f\u00f6rs\u00f6ker sk\u00e4ra av f\u00f6rs\u00f6rjningslinjerna fr\u00e5n n\u00e4rliggande Pokrovske i Dnipropetrovsk.<\/p>\n<p>\u201dSt\u00f6rst uppm\u00e4rksamhet ligger nu p\u00e5 Pokrovsk och Zaporizjzja, d\u00e4r ryssarna \u00f6kar sina anfall b\u00e5de i antal och omfattning, skriver president <a href=\"https:\/\/www.expressen.se\/tagg\/person\/volodymyr-zelenskyj\/\" rel=\"nofollow noopener\" target=\"_blank\">Volodymyr Zelenskyj<\/a> p\u00e5 <a href=\"https:\/\/x.com\/ZelenskyyUa\/status\/1988268337126584496\" rel=\"nofollow\">X<\/a>.\u00a0<\/p>\n<p>\u201dL\u00e4get d\u00e4r \u00e4r sv\u00e5rt, vilket delvis beror p\u00e5 v\u00e4derf\u00f6rh\u00e5llanden som gynnar attacker. Men vi forts\u00e4tter att sl\u00e5 ut ockupanten\u201d, forts\u00e4tter han.<\/p>\n","protected":false},"excerpt":{"rendered":"Pokrovsk riskerar att falla vilken dag som helst. Nu f\u00f6rnyar Ryssland sin offensiv \u00e4ven i Zaporizjzja. \u2013 L\u00e4get&hellip;\n","protected":false},"author":2,"featured_media":78863,"comment_status":"","ping_status":"","sticky":false,"template":"","format":"standard","meta":{"footnotes":""},"categories":[5],"tags":[22,23,26,27,17,21,24,25,274,202,28,29,15,276,16,906,18,34,55,31,33,32,30,19,60,20],"class_list":{"0":"post-78862","1":"post","2":"type-post","3":"status-publish","4":"format-standard","5":"has-post-thumbnail","7":"category-rubriker","8":"tag-breaking-news","9":"tag-breakingnews","10":"tag-featured-news","11":"tag-featurednews","12":"tag-headlines","13":"tag-huvudnyheter","14":"tag-latest-news","15":"tag-latestnews","16":"tag-location-ryssland","17":"tag-location-ukraina","18":"tag-main-news","19":"tag-mainnews","20":"tag-news","21":"tag-newsstory-kriget-i-ukraina","22":"tag-nyheter","23":"tag-person-volodymyr-zelenskyj","24":"tag-rubriker","25":"tag-se","26":"tag-sections-varlden","27":"tag-svenska","28":"tag-sverige","29":"tag-sweden","30":"tag-swedish","31":"tag-top-stories","32":"tag-topic-krig-konflikt","33":"tag-topstories"},"share_on_mastodon":{"url":"https:\/\/pubeurope.com\/@se\/115537780633571593","error":""},"_links":{"self":[{"href":"https:\/\/www.europesays.com\/se\/wp-json\/wp\/v2\/posts\/78862","targetHints":{"allow":["GET"]}}],"collection":[{"href":"https:\/\/www.europesays.com\/se\/wp-json\/wp\/v2\/posts"}],"about":[{"href":"https:\/\/www.europesays.com\/se\/wp-json\/wp\/v2\/types\/post"}],"author":[{"embeddable":true,"href":"https:\/\/www.europesays.com\/se\/wp-json\/wp\/v2\/users\/2"}],"replies":[{"embeddable":true,"href":"https:\/\/www.europesays.com\/se\/wp-json\/wp\/v2\/comments?post=78862"}],"version-history":[{"count":0,"href":"https:\/\/www.europesays.com\/se\/wp-json\/wp\/v2\/posts\/78862\/revisions"}],"wp:featuredmedia":[{"embeddable":true,"href":"https:\/\/www.europesays.com\/se\/wp-json\/wp\/v2\/media\/78863"}],"wp:attachment":[{"href":"https:\/\/www.europesays.com\/se\/wp-json\/wp\/v2\/media?parent=78862"}],"wp:term":[{"taxonomy":"category","embeddable":true,"href":"https:\/\/www.europesays.com\/se\/wp-json\/wp\/v2\/categories?post=78862"},{"taxonomy":"post_tag","embeddable":true,"href":"https:\/\/www.europesays.com\/se\/wp-json\/wp\/v2\/tags?post=78862"}],"curies":[{"name":"wp","href":"https:\/\/api.w.org\/{rel}","templated":true}]}}