{"id":78881,"date":"2025-11-12T17:29:16","date_gmt":"2025-11-12T17:29:16","guid":{"rendered":"https:\/\/www.europesays.com\/se\/78881\/"},"modified":"2025-11-12T17:29:16","modified_gmt":"2025-11-12T17:29:16","slug":"kom-med-fyra-ordinarie-spelare-till-lulea-inte-bra","status":"publish","type":"post","link":"https:\/\/www.europesays.com\/se\/78881\/","title":{"rendered":"Kom med fyra (!) ordinarie spelare till Lule\u00e5: &#8221;Inte bra&#8221;"},"content":{"rendered":"<p><strong>I g\u00e5rdagens CHL-match mellan <a href=\"https:\/\/hockeysverige.se\/klubb\/lulea-hockey\/\" rel=\"nofollow noopener\" target=\"_blank\">Lule\u00e5 <\/a>och Brno kom det tjeckiska laget med fyra ordinarie spelare, utan sin huvudtr\u00e4nare och b\u00e5da sin ordinarie m\u00e5lvakter. Med 1-1 inf\u00f6r den tredje perioden bytte de sedan ut sin storspelande m\u00e5lvakt \u2014 och f\u00f6rlorade med 6-1.<\/strong><br \/><strong>\u2014 Jag har inte alla detaljer runt det h\u00e4r men det \u00e4r klart att det inte \u00e4r bra om det visar sig att man inte st\u00e4llt det b\u00e4sta laget p\u00e5 isen, s\u00e4ger CHL-bossen J\u00f6rgen Lindgren till Hockeysverige.se.<\/strong><\/p>\n<p><img loading=\"lazy\" decoding=\"async\" width=\"1024\" height=\"658\" src=\"https:\/\/www.europesays.com\/se\/wp-content\/uploads\/2025\/11\/CHL-Jorgen-1024x658.webp.webp\" alt=\"\" class=\"wp-image-324706\"  \/>Det blev en m\u00e4rklig CHL-match mellan Lule\u00e5 och Brno under g\u00e5rdagen.<br \/><strong>Foto:<\/strong> Alamy och Bildbyr\u00e5n.<\/p>\n<p>De svenska lagen har resonerat lite olika kring CHL den h\u00e4r s\u00e4songen. Fr\u00f6lunda st\u00e4ller i princip alltid upp med samma lag som i SHL, samtidigt som <a href=\"https:\/\/hockeysverige.se\/klubb\/brynas-if\/\" rel=\"nofollow noopener\" target=\"_blank\">Bryn\u00e4s <\/a>och Lule\u00e5 har luftat en hel del juniorer i turneringen. Exempelvis har stj\u00e4rnan <a href=\"https:\/\/hockeysverige.se\/spelare\/nicklas-backstrom\/\" rel=\"nofollow noopener\" target=\"_blank\">Nicklas B\u00e4ckstr\u00f6m <\/a>bara spelat tre matcher i CHL den h\u00e4r s\u00e4songen.<\/p>\n<p>N\u00e4r det nu \u00e4r slutspel tog det tjeckiska laget Kometa Brno det ett steg l\u00e4ngre.<\/p>\n<p>De kom med ett kraftigt b-betonat lag. <a href=\"https:\/\/x.com\/Sz1909_Szemberg\/status\/1988551317271273737\" rel=\"nofollow\">Enligt Szymon Szemberg<\/a> var det endast fyra ordinarie spelare samtidigt som varken huvudtr\u00e4naren eller de tv\u00e5 ordinarie m\u00e5lvakterna f\u00f6ljde med till Norrbotten. Under matchen storspelade den 38-\u00e5rige Gasper Kroselj f\u00f6r tjeckerna i tv\u00e5 perioder och r\u00e4ddade 25 av 26 skott. D\u00e5 valde de att byta ut honom f\u00f6r att s\u00e4tta in junioren Jan Ondracek, som sl\u00e4ppte in fem m\u00e5l.<\/p>\n<p>\u2014 Man kan s\u00e4ga s\u00e5 h\u00e4r. I grunden och rent generellt jobbar alla ligor f\u00f6r samma system. Man f\u00f6ruts\u00e4tter att alla lag st\u00e4ller upp med sitt b\u00e4sta lag. Sen \u00e4r det upp till lagen att f\u00f6lja det, s\u00e4ger J\u00f6rgen Lindgren n\u00e4r Hockeysverige n\u00e5r honom under onsdagen.<\/p>\n<p><strong>Vad t\u00e4nker du kring att det h\u00e4r h\u00e4nder?<\/strong><br \/>\u2014 Vi f\u00f6rv\u00e4ntar oss att klubbarna st\u00e4ller upp med det b\u00e4sta laget. Precis som alla ligor i Europa.<\/p>\n<p>\u201dD\u00e5 \u00e4r det n\u00e5got vi f\u00e5r kolla p\u00e5\u201d<\/p>\n<p>Det \u00e4r som sagt inte ett fenomen som \u00e4r kopplat enbart till de utl\u00e4ndska klubbarna. Bryn\u00e4s har <a href=\"https:\/\/hockeysverige.se\/champions-hockey-league\/brynas-storhamar-chl-drag-elva-juniorer-far-chansen\/\" rel=\"nofollow noopener\" target=\"_blank\">bland annat st\u00e4llt upp med elva juniorer <\/a>i en CHL-match.<\/p>\n<p>\u2014 De hade ett g\u00e4ng skadade spelare som spelade i omg\u00e5ngen innan och omg\u00e5ngarna innan. Det spelar ingen roll om det \u00e4r Bryn\u00e4s eller Brno som g\u00f6r det. Vi f\u00f6rv\u00e4ntar oss att man st\u00e4ller upp med sitt b\u00e4sta lag och g\u00f6r man inte det \u00e4r det sj\u00e4lvklart att man belyser det f\u00f6r klubbarna som inte g\u00f6r det. De registrerar ett antal spelare innan s\u00e4songen, och det \u00e4r spelare som de har tillhands.<\/p>\n<p><strong>Ser ni det h\u00e4r som ett p\u00e5g\u00e5ende problem eller enstaka fall?<\/strong><br \/>\u2014 Det finns en anledning till att du ringer. Fr\u00e5n tid till annan \u00e4r det klart at det \u00e4r olika laguppst\u00e4llningar, det \u00e4r sj\u00e4lvklart att det \u00e4r det. \u00c4r det ett system i det h\u00e4r \u00e4r det n\u00e5got vi f\u00e5r kolla p\u00e5.<\/p>\n<p><strong>Hur jobbar ni f\u00f6r att motverka det?<\/strong><br \/>\u2014 Det \u00e4r klart att det \u00e4r n\u00e5got vi belyser f\u00f6r klubbarna och ligorna. De har samma f\u00f6ruts\u00e4ttningar att klubbarna st\u00e4ller upp med sitt b\u00e4sta lag. \u00c4r det skador, sjukdomar och andra anledningar f\u00f6rv\u00e4ntar vi oss att man agerar.<\/p>\n<p>M\u00e4rklig CHL-match mellan Lule\u00e5 och Brno<\/p>\n<p>Huruvida Brno faktiskt hade en brutal, och legitim, fr\u00e5nvarolista eller inte \u00e4r just nu inte helt klart.<\/p>\n<p>Just det h\u00e4r fallet har varken J\u00f6rgen Lindgren eller Champions Hockey League inte kollat n\u00e4rmare p\u00e5.<\/p>\n<p>\u2014 Tittar man p\u00e5 det \u00e4r oavsett vilka man \u00e5ker till matchen med \u00e5ker man med sitt b\u00e4sta lag. Brno fl\u00f6g till Lule\u00e5 och m\u00e4ngden spelare man flyger med \u00e4r densamma. Det \u00e4r ingen fr\u00e5ga d\u00e4r och vi kan bara f\u00f6ruts\u00e4tta att man har skadade eller inte tillg\u00e4ngliga spelare. Det \u00e4r det vi f\u00f6ruts\u00e4tter n\u00e4r man kommer med en annan trupp, s\u00e4ger Lindgren och forts\u00e4tter:<\/p>\n<p>\u2014 Vi f\u00f6ruts\u00e4tter att man agerar professionellt som klubb och ledare. Att det finns en anledning att man inte tar med sitt b\u00e4sta lag.<\/p>\n<p><strong>Vad t\u00e4nker du om att det h\u00e4r h\u00e4nder i en \u00e5ttondelsfinal?<\/strong><br \/>\u2014 I slutet p\u00e5 dagen \u00e4r det klart att det inte \u00e4r bra. \u00c5terigen f\u00f6rv\u00e4ntar vi oss att man agerar professionellt och kommer med sitt b\u00e4sta lag. Visar det sig att man inte gjort det \u00e4r det inte bra f\u00f6r n\u00e5gon inblandad.<\/p>\n<p>\u201dMan har ett ansvar\u201d<\/p>\n<p>F\u00f6r Champions Hockey League \u00e4r det klart att det inte ser bra ut om det skulle visa sig att Brno medvetet inte ville vinna matchen mot Lule\u00e5. Klart \u00e4r att det p\u00e5 sociala medier har v\u00e4ckts en stor debatt kring fenomenet.<\/p>\n<p>D\u00e4r det nu \u00e5terst\u00e5r att se hur CHL v\u00e4ljer att hantera det. Och om det kan bli aktuellt med repressalier mot klubbar som medvetet v\u00e4ljer att inte komma med sina b\u00e4sta lag.<\/p>\n<p>\u2014 Vi f\u00f6ljer det h\u00e4r hela tiden. Varje \u00e5r f\u00f6ljer vi vilket lag man kommer med, precis som andra ligor. I vissa fall finns det tydliga anledningar. Nu vet inte jag exakt i g\u00e5r vilka som var med och inte. Det \u00e4r klart vi f\u00f6ljer det och diskuterar med klubbarna och ligorna. Men \u00e5terigen f\u00f6rv\u00e4ntar vi oss att vi agerar professionellt. Man har ett ansvar i att man spelar i den nationella ligan eller mot oss att ha b\u00e4sta f\u00f6ruts\u00e4ttningar f\u00f6r att g\u00f6ra matcherna. <\/p>\n<p>Matchen i g\u00e5r kan ha varit en anomali i turneringen. Men med bakgrunden av att vissa andra lag har agerat p\u00e5 liknande s\u00e4tt, om \u00e4n inte lika extremt, \u00e4r det klart att det s\u00e4tter press p\u00e5 CHL.<\/p>\n<p>\u2014 Jag har inte alla detaljer runt det h\u00e4r (g\u00e5rdagens match) men det \u00e4r klart att det inte \u00e4r bra om det visar sig att man inte st\u00e4llt det b\u00e4sta laget p\u00e5 isen. Det \u00e4r kopplat till att man \u00e4r professionell och agerar utifr\u00e5n det. \u00c4r det n\u00e5got annat \u00e4r det inte bra. Regelverket \u00e4r detsamma i hela Europa i alla ligor.<\/p>\n","protected":false},"excerpt":{"rendered":"I g\u00e5rdagens CHL-match mellan Lule\u00e5 och Brno kom det tjeckiska laget med fyra ordinarie spelare, utan sin huvudtr\u00e4nare&hellip;\n","protected":false},"author":2,"featured_media":78882,"comment_status":"","ping_status":"","sticky":false,"template":"","format":"standard","meta":{"footnotes":""},"categories":[5],"tags":[22,23,26,27,17,21,24,25,28,29,15,16,18,34,31,33,32,30,19,379,20],"class_list":{"0":"post-78881","1":"post","2":"type-post","3":"status-publish","4":"format-standard","5":"has-post-thumbnail","7":"category-rubriker","8":"tag-breaking-news","9":"tag-breakingnews","10":"tag-featured-news","11":"tag-featurednews","12":"tag-headlines","13":"tag-huvudnyheter","14":"tag-latest-news","15":"tag-latestnews","16":"tag-main-news","17":"tag-mainnews","18":"tag-news","19":"tag-nyheter","20":"tag-rubriker","21":"tag-se","22":"tag-svenska","23":"tag-sverige","24":"tag-sweden","25":"tag-swedish","26":"tag-top-stories","27":"tag-top-article","28":"tag-topstories"},"share_on_mastodon":{"url":"https:\/\/pubeurope.com\/@se\/115537914500373923","error":""},"_links":{"self":[{"href":"https:\/\/www.europesays.com\/se\/wp-json\/wp\/v2\/posts\/78881","targetHints":{"allow":["GET"]}}],"collection":[{"href":"https:\/\/www.europesays.com\/se\/wp-json\/wp\/v2\/posts"}],"about":[{"href":"https:\/\/www.europesays.com\/se\/wp-json\/wp\/v2\/types\/post"}],"author":[{"embeddable":true,"href":"https:\/\/www.europesays.com\/se\/wp-json\/wp\/v2\/users\/2"}],"replies":[{"embeddable":true,"href":"https:\/\/www.europesays.com\/se\/wp-json\/wp\/v2\/comments?post=78881"}],"version-history":[{"count":0,"href":"https:\/\/www.europesays.com\/se\/wp-json\/wp\/v2\/posts\/78881\/revisions"}],"wp:featuredmedia":[{"embeddable":true,"href":"https:\/\/www.europesays.com\/se\/wp-json\/wp\/v2\/media\/78882"}],"wp:attachment":[{"href":"https:\/\/www.europesays.com\/se\/wp-json\/wp\/v2\/media?parent=78881"}],"wp:term":[{"taxonomy":"category","embeddable":true,"href":"https:\/\/www.europesays.com\/se\/wp-json\/wp\/v2\/categories?post=78881"},{"taxonomy":"post_tag","embeddable":true,"href":"https:\/\/www.europesays.com\/se\/wp-json\/wp\/v2\/tags?post=78881"}],"curies":[{"name":"wp","href":"https:\/\/api.w.org\/{rel}","templated":true}]}}