{"id":78910,"date":"2025-11-12T18:15:10","date_gmt":"2025-11-12T18:15:10","guid":{"rendered":"https:\/\/www.europesays.com\/se\/78910\/"},"modified":"2025-11-12T18:15:10","modified_gmt":"2025-11-12T18:15:10","slug":"overhettad-stjarnfabrik-lyser-upp-det-tidiga-universum","status":"publish","type":"post","link":"https:\/\/www.europesays.com\/se\/78910\/","title":{"rendered":"\u00d6verhettad stj\u00e4rnfabrik lyser upp det tidiga universum"},"content":{"rendered":"<p>Astronomer har uppt\u00e4ckt en extrem stj\u00e4rnfabrik i en avl\u00e4gsen galax. Den lyser intensivt av \u00f6verhettat kosmiskt stoft och bildar stj\u00e4rnor i rasande takt. Uppt\u00e4ckten kan \u00e4ven f\u00f6rklara hur galaxer kunde v\u00e4xa s\u00e5 snabbt n\u00e4r universum var ungt.<\/p>\n<p>De allra f\u00f6rsta stj\u00e4rnorna i universum bildades under helt andra f\u00f6rh\u00e5llanden \u00e4n allt vi kan se i rymden idag. Astronomer studerar dessa skillnader med hj\u00e4lp av kraftfulla teleskop, som kan uppt\u00e4cka galaxer s\u00e5 l\u00e5ngt bort att deras ljus har f\u00e4rdats i flera miljarder \u00e5r innan de n\u00e5r jorden.\u00a0<\/p>\n<p>Nu har ett internationellt forskarlag lyckats m\u00e4ta temperaturen i en av de mest avl\u00e4gsna k\u00e4nda stj\u00e4rnfabrikerna.  Galaxen, som kallas Y1, \u00e4r s\u00e5 avl\u00e4gsen att dess ljus har f\u00e4rdats i \u00f6ver 13 miljarder \u00e5r.<\/p>\n<p>\u2013 Vi ser tillbaka p\u00e5 en tid d\u00e5 universum skapade stj\u00e4rnor mycket snabbare \u00e4n idag. Tidigare observationer av den h\u00e4r galaxen avsl\u00f6jade att den inneh\u00e5ller stoft och damm, vilket g\u00f6r den till den mest avl\u00e4gsna galax d\u00e4r vi kunnat uppt\u00e4cka ljus fr\u00e5n stoft, s\u00e4ger astronomen Tom Bakx vid Chalmers tekniska h\u00f6gskola i ett pressmeddelande.<\/p>\n<p>\u2013 Detta fick oss att misst\u00e4nka att den kanske driver en annorlunda, \u00f6verhettad typ av stj\u00e4rnfabrik. F\u00f6r att kunna vara s\u00e4kra ville vi m\u00e4ta dess temperatur, forts\u00e4tter han.<\/p>\n<p>Sm\u00e5 stoftkorn v\u00e4rms upp<\/p>\n<p>Stj\u00e4rnor, som v\u00e5r egen sol, f\u00f6ds i enorma och t\u00e4ta gasmoln i rymden. Ett v\u00e4lk\u00e4nt exempel \u00e4r Orion-nebulosan, som fungerar som en slags stj\u00e4rnfabrik. S\u00e5dana lyser starkt p\u00e5 natthimlen tack vare de yngsta och tyngsta stj\u00e4rnorna, som lyser upp moln av gas, stoft och damm i m\u00e5nga olika f\u00e4rger. <\/p>\n<p>Men stj\u00e4rnfabrikerna lyser inte bara i synligt ljus. Vid l\u00e4ngre v\u00e5gl\u00e4ngder \u2013 s\u00e5dana som m\u00e4nniskans \u00f6ga inte kan se \u2013 str\u00e5lar de starkt tack vare m\u00e4ngder av sm\u00e5 stoftkorn som v\u00e4rms upp av stj\u00e4rnljuset.<\/p>\n<p>Forskarna s\u00e5g n\u00e5got speciellt<\/p>\n<p>F\u00f6r att m\u00e4ta galaxens temperatur anv\u00e4nde forskarna det k\u00e4nsliga radioteleskopet Alma i norra Chile. Med hj\u00e4lp av teleskopets avancerade Band 9-mottagare kunde de avbilda galaxen i precis r\u00e4tt f\u00e4rg, vid v\u00e5gl\u00e4ngden 0,44 millimeter.<\/p>\n<p>\u2013 Vid den h\u00e4r v\u00e5gl\u00e4ngden lyses galaxen upp av m\u00e5nga b\u00f6ljande moln av lysande stoftkorn. N\u00e4r vi s\u00e5g hur starkt den h\u00e4r galaxen lyser, j\u00e4mf\u00f6rt med andra v\u00e5gl\u00e4ngder, visste vi med en g\u00e5ng att vi tittade p\u00e5 n\u00e5got speciellt, s\u00e4ger Tom Bakx.<\/p>\n<p>M\u00e4tningarna visade att galaxens stoftmoln gl\u00f6der med en temperatur p\u00e5 90 Kelvin, eller minus 180 grader Celsius.<\/p>\n<p>\u2013 J\u00e4mf\u00f6rt med dammet i v\u00e5ra hem \u00e4r det helt klart kallt, men \u00e4nd\u00e5 mycket varmare \u00e4n i n\u00e5gon annan j\u00e4mf\u00f6rbar galax som vi har sett. Temperaturen bekr\u00e4ftar att det verkligen \u00e4r en extrem stj\u00e4rnfabrik. Det \u00e4r f\u00f6rsta g\u00e5ngen vi har sett en galax som denna, men vi tror att det kan finnas m\u00e5nga fler d\u00e4r ute. Stj\u00e4rnfabriker som Y1 kan ha varit vanliga i det tidiga universum, s\u00e4ger Yoichi Tamura, astronom vid Nagoya-universitetet i Japan.<\/p>\n<p>Extrem stj\u00e4rnfabrik<\/p>\n<p>Galaxen Y1 tillverkar i extrem takt stj\u00e4rnor som motsvarar 180 g\u00e5nger solens massa varje \u00e5r. Det kan j\u00e4mf\u00f6ras med Vintergatan d\u00e4r bara ungef\u00e4r en stj\u00e4rna av solens storlek bildas per \u00e5r. Forskarna tror att s\u00e5dana korta utbrott av stj\u00e4rnbildning var vanliga i det unga universum.<\/p>\n<p>\u2013 Vi vet inte hur vanliga s\u00e5dana faser kan vara i det tidiga universum. Fram\u00f6ver vill vi leta efter fler exempel p\u00e5 stj\u00e4rnfabriker som den h\u00e4r. Vi planerar ocks\u00e5 att anv\u00e4nda Almas f\u00f6rm\u00e5ga till h\u00f6guppl\u00f6sta m\u00e4tningar f\u00f6r att titta n\u00e4rmare p\u00e5 hur just den h\u00e4r galaxen fungerar, s\u00e4ger Tom Bakx.<\/p>\n<p>L\u00f6sning p\u00e5 ett kosmiskt mysterium<\/p>\n<p>Forskargruppen tror att Y1 kan hj\u00e4lpa till att l\u00f6sa ett annat kosmiskt mysterium. Tidigare studier har visat att galaxer i det tidiga universum verkar inneh\u00e5lla mer stoft \u00e4n vad deras stj\u00e4rnor kan ha tillverkat under den korta tid de lyst. <\/p>\n<p>Detta har l\u00e4nge f\u00f6rbryllat astronomer, men Y1:s ovanligt h\u00f6ga temperatur pekar mot en l\u00f6sning p\u00e5 mysteriet.<\/p>\n<p>\u2013 Galaxer i det tidiga universum verkar vara f\u00f6r unga utifr\u00e5n den m\u00e4ngd stoft och damm som de inneh\u00e5ller. Det m\u00e4rkliga \u00e4r att de inte inneh\u00e5ller tillr\u00e4ckligt m\u00e5nga gamla stj\u00e4rnor, runt vilka de flesta stoftkorn bildas. Men en liten m\u00e4ngd varmt stoft kan lysa lika starkt som stora m\u00e4ngder kallt stoft, och det \u00e4r precis vad vi ser i Y1, s\u00e4ger Laura Sommovigo, astrofysiker vid Flatiron Institute och Columbia University i USA.<\/p>\n<p> \u2013 Dessa galaxer \u00e4r fortfarande unga och inneh\u00e5ller \u00e4nnu inte s\u00e5 mycket tunga grund\u00e4mnen eller stoft, men de mindre m\u00e4ngder som \u00e4nd\u00e5 finns \u00e4r b\u00e5de varma och ljusstarka, forts\u00e4tter hon. <\/p>\n<p><strong>Vetenskaplig artikel:<\/strong><\/p>\n<p><a href=\"https:\/\/doi.org\/10.1093\/mnras\/staf1714\" rel=\"nofollow noopener\" target=\"_blank\">A warm ultraluminous infrared galaxy just 600 million years after the Big Bang<\/a>, Monthly Notices of the Royal Astronomical Society.<\/p>\n","protected":false},"excerpt":{"rendered":"Astronomer har uppt\u00e4ckt en extrem stj\u00e4rnfabrik i en avl\u00e4gsen galax. Den lyser intensivt av \u00f6verhettat kosmiskt stoft och&hellip;\n","protected":false},"author":2,"featured_media":78911,"comment_status":"","ping_status":"","sticky":false,"template":"","format":"standard","meta":{"footnotes":""},"categories":[66],"tags":[505,80,78,79,34,31,33,32,30,81,84,83,82],"class_list":{"0":"post-78910","1":"post","2":"type-post","3":"status-publish","4":"format-standard","5":"has-post-thumbnail","7":"category-vetenskap-och-teknik","8":"tag-nyhet","9":"tag-science","10":"tag-science-and-technology","11":"tag-scienceandtechnology","12":"tag-se","13":"tag-svenska","14":"tag-sverige","15":"tag-sweden","16":"tag-swedish","17":"tag-technology","18":"tag-teknik","19":"tag-vetenskap","20":"tag-vetenskapteknik"},"share_on_mastodon":{"url":"https:\/\/pubeurope.com\/@se\/115538095293619630","error":""},"_links":{"self":[{"href":"https:\/\/www.europesays.com\/se\/wp-json\/wp\/v2\/posts\/78910","targetHints":{"allow":["GET"]}}],"collection":[{"href":"https:\/\/www.europesays.com\/se\/wp-json\/wp\/v2\/posts"}],"about":[{"href":"https:\/\/www.europesays.com\/se\/wp-json\/wp\/v2\/types\/post"}],"author":[{"embeddable":true,"href":"https:\/\/www.europesays.com\/se\/wp-json\/wp\/v2\/users\/2"}],"replies":[{"embeddable":true,"href":"https:\/\/www.europesays.com\/se\/wp-json\/wp\/v2\/comments?post=78910"}],"version-history":[{"count":0,"href":"https:\/\/www.europesays.com\/se\/wp-json\/wp\/v2\/posts\/78910\/revisions"}],"wp:featuredmedia":[{"embeddable":true,"href":"https:\/\/www.europesays.com\/se\/wp-json\/wp\/v2\/media\/78911"}],"wp:attachment":[{"href":"https:\/\/www.europesays.com\/se\/wp-json\/wp\/v2\/media?parent=78910"}],"wp:term":[{"taxonomy":"category","embeddable":true,"href":"https:\/\/www.europesays.com\/se\/wp-json\/wp\/v2\/categories?post=78910"},{"taxonomy":"post_tag","embeddable":true,"href":"https:\/\/www.europesays.com\/se\/wp-json\/wp\/v2\/tags?post=78910"}],"curies":[{"name":"wp","href":"https:\/\/api.w.org\/{rel}","templated":true}]}}